{"id":109048,"date":"2021-01-10T12:18:02","date_gmt":"2021-01-10T17:18:02","guid":{"rendered":"https:\/\/linitiative.ca\/International\/maroc-une-delegation-americaine-de-haut-niveau-visite-les-locaux-du-futur-consulat-general-us-a-dakhla\/"},"modified":"2021-01-10T12:18:02","modified_gmt":"2021-01-10T17:18:02","slug":"maroc-une-delegation-americaine-de-haut-niveau-visite-les-locaux-du-futur-consulat-general-us-a-dakhla","status":"publish","type":"post","link":"https:\/\/linitiative.ca\/International\/maroc-une-delegation-americaine-de-haut-niveau-visite-les-locaux-du-futur-consulat-general-us-a-dakhla\/","title":{"rendered":"Maroc : Une d\u00e9l\u00e9gation am\u00e9ricaine de haut niveau visite les locaux du futur consulat g\u00e9n\u00e9ral US \u00e0 Dakhla"},"content":{"rendered":"<div readability=\"32\">\n<p>Publi\u00e9 le 10.01.2021 \u00e0 18h18 par APA News<\/p>\n<\/div>\n<div readability=\"142\">\n<p>Par Hicham Alaoui \u2014 Une d\u00e9l\u00e9gation am\u00e9ricaine de haut rang, conduite par le Sous-secr\u00e9taire d\u2019Etat am\u00e9ricain en charge des questions du Proche-Orient et de l\u2019Afrique du Nord, David Schenker, et l\u2019ambassadeur US au Maroc, David Fischer, a visit\u00e9, ce dimanche 10 janvier, les locaux du futur consulat g\u00e9n\u00e9ral des Etats-Unis \u00e0 Dakhla, au Sahara marocain, et ce en pr\u00e9sence notamment du ministre marocain des Affaires \u00e9trang\u00e8res, Nasser Bourita.Cette visite intervient un mois apr\u00e8s l\u2019annonce du pr\u00e9sident am\u00e9ricain Donald Trump, lors d\u2019un entretien t\u00e9l\u00e9phonique avec le Roi Mohammed VI, de la reconnaissance de la pleine souverainet\u00e9 du Royaume du Maroc sur son Sahara.<\/p>\n<p>Intervenant \u00e0 cette occasion, l\u2019ambassadeur David Fischer, qui s\u2019exprimait lors d\u2019une conf\u00e9rence de presse \u00e0 l\u2019issue de cette visite, a affirm\u00e9 que la \u00ab marocanit\u00e9 du Sahara est in\u00e9vitable, et que Rabat dispose de la seule solution juste et durable pour r\u00e9soudre ce conflit \u00bb.<\/p>\n<p>Le diplomate Fischer, premier ambassadeur am\u00e9ricain \u00e0 visiter le Sahara marocain, a ajout\u00e9 que l\u2019annonce de Trump, sur la reconnaissance de la souverainet\u00e9 du Maroc sur son Sahara, est le \u00ab fruit de plusieurs mois de n\u00e9gociations et consacre des ann\u00e9es de pr\u00e9paratifs \u00bb, notant que chaque administration am\u00e9ricaine depuis Bill Clinton a \u00ab soutenu le plan d\u2019autonomie marocain comme une solution viable pour parvenir \u00e0 la paix \u00bb dans la r\u00e9gion.<\/p>\n<p>Le diplomate am\u00e9ricain a d\u00e9clar\u00e9 que les \u00c9tats-Unis \u00ab n\u2019ont cess\u00e9 d\u2019investir dans l\u2019avenir des provinces du sud depuis l\u2019administration Obama, principalement gr\u00e2ce \u00e0 un financement par le biais de l\u2019Initiative de partenariat pour le Moyen-Orient du d\u00e9partement d\u2019\u00c9tat, qui se concentrait sur la cr\u00e9ation d\u2019emplois et le renforcement des comp\u00e9tences de la soci\u00e9t\u00e9 civile \u00bb.<\/p>\n<p>Selon lui, Washington et Rabat ont travaill\u00e9 \u00ab pendant des d\u00e9cennies avec les Nations Unies, o\u00f9 nous avons cherch\u00e9 une solution pacifique pour sortir le conflit de la stagnation \u00bb.<\/p>\n<p>\u00ab\u00a0Le mois dernier, le pr\u00e9sident Trump a reconnu clairement que le Sahara est marocain, et que le Maroc a la seule solution juste et permanente pour r\u00e9soudre ce conflit \u00bb, a-t-il insist\u00e9, soulignant que la visite de la d\u00e9l\u00e9gation am\u00e9ricaine dans les provinces du sud du Royaume intervient \u00ab pour mettre en \u0153uvre la d\u00e9claration du pr\u00e9sident Trump \u00e0 travers l\u2019\u00e9largissement de la pr\u00e9sence du gouvernement am\u00e9ricain dans les provinces du sud \u00bb.<\/p>\n<p>Au niveau des proc\u00e9dures formelles d\u2019ouverture du consulat am\u00e9ricain, l\u2019Ambassadeur Fischer a expliqu\u00e9 que \u00ab le gouvernement des \u00c9tats-Unis a d\u00e9j\u00e0 franchi le pas de l\u2019\u00e9tablissement d\u2019un consulat g\u00e9n\u00e9ral \u00e0 Dakhla, en ouvrant un consulat virtuel avec une pr\u00e9sence num\u00e9rique comme premi\u00e8re \u00e9tape \u00bb. Il a ajout\u00e9 que \u00ab depuis lundi dernier, de nombreux repr\u00e9sentants du gouvernement am\u00e9ricain sont sur place pour examiner les options d\u2019une pr\u00e9sence diplomatique am\u00e9ricaine permanente.<\/p>\n<p>Avec l\u2019ouverture prochaine de cette repr\u00e9sentation consulaire, les Etats-Unis embo\u00eeteront ainsi le pas \u00e0 la Gambie, Guin\u00e9e, la R\u00e9publique de Djibouti, la R\u00e9publique du Liberia, le Burkina Faso, la R\u00e9publique de Guin\u00e9e Bissau, la R\u00e9publique de Guin\u00e9e \u00c9quatoriale, la R\u00e9publique d\u2019Ha\u00efti, premier pays non-arabe et non-africain \u00e0 ouvrir un Consulat au Sahara marocain, et \u00e0 la R\u00e9publique D\u00e9mocratique du Congo. Cette repr\u00e9sentation portera le nombre de Consulats ouverts dans les provinces du Sud du Maroc \u00e0 20 en une ann\u00e9e : 10 \u00e0 La\u00e2youne (Union des Comores, Gabon, R\u00e9publique Centrafricaine, Sao Tom\u00e9-et-Principe, Burundi, C\u00f4te d\u2019Ivoire, Eswatini, Zambie, Emirats arabes unis et Royaume de Bahre\u00efn) et 10 \u00e0 Dakhla.<\/p>\n<p>Ce consulat US, \u00e0 vocation essentiellement \u00e9conomique, en vue d\u2019encourager les investissements am\u00e9ricains et la contribution au d\u00e9veloppement \u00e9conomique et social, permettra \u00e9galement aux Etats-Unis de mieux profiter du positionnement strat\u00e9gique du Maroc, qui est une plaque tournante du commerce en Afrique, en Europe et au Moyen-Orient.<\/p>\n<p>Par la m\u00eame occasion, un nouveau portail internet d\u00e9di\u00e9 \u00e0 la promotion \u00e9conomique et \u00e0 l\u2019appui \u00e0 l\u2019investissement dans la r\u00e9gion de Dakhla-Oued Eddahab a \u00e9t\u00e9 officiellement \u00a0lanc\u00e9, ce dimanche \u00e0 Dakhla.<\/p>\n<p>Cet outil incontournable, qui vient renforcer le dispositif d\u2019appui aux activit\u00e9s \u00e9conomiques et \u00e0 l\u2019investissement, en partenariat entre le Royaume du Maroc et le gouvernement des Etats-Unis d\u2019Am\u00e9rique, a \u00e9t\u00e9 lanc\u00e9 en pr\u00e9sence notamment du Sous-secr\u00e9taire d\u2019Etat am\u00e9ricain en charge des questions du Proche-Orient et de l\u2019Afrique du Nord, David Schenker et de nombreuses personnalit\u00e9s.<\/p>\n<\/div>\n<p>Auteur: APA News<br \/>\n<a href=\"https:\/\/www.journalducameroun.com\/maroc-une-delegation-americaine-de-haut-niveau-visite-les-locaux-du-futur-consulat-general-us-a-dakhla\/\">Cliquez ici pour lire l&rsquo;article depuis sa source.<\/a><\/p>\n","protected":false},"excerpt":{"rendered":"<p>Publi\u00e9 le 10.01.2021 \u00e0 18h18 par APA News Par Hicham Alaoui \u2014 Une d\u00e9l\u00e9gation am\u00e9ricaine de haut rang, conduite par le Sous-secr\u00e9taire d\u2019Etat am\u00e9ricain en charge des questions du Proche-Orient et de l\u2019Afrique du Nord, David Schenker, et l\u2019ambassadeur US au Maroc, David Fischer, a visit\u00e9, ce dimanche 10 janvier, les locaux du futur consulat [&hellip;]<\/p>\n","protected":false},"author":1965,"featured_media":0,"comment_status":"closed","ping_status":"closed","sticky":false,"template":"","format":"standard","meta":{"fifu_image_url":"","fifu_image_alt":"","footnotes":""},"categories":[73,82],"tags":[],"class_list":["post-109048","post","type-post","status-publish","format-standard","hentry","category-actualite","category-cameroun"],"_links":{"self":[{"href":"https:\/\/linitiative.ca\/International\/wp-json\/wp\/v2\/posts\/109048","targetHints":{"allow":["GET"]}}],"collection":[{"href":"https:\/\/linitiative.ca\/International\/wp-json\/wp\/v2\/posts"}],"about":[{"href":"https:\/\/linitiative.ca\/International\/wp-json\/wp\/v2\/types\/post"}],"author":[{"embeddable":true,"href":"https:\/\/linitiative.ca\/International\/wp-json\/wp\/v2\/users\/1965"}],"replies":[{"embeddable":true,"href":"https:\/\/linitiative.ca\/International\/wp-json\/wp\/v2\/comments?post=109048"}],"version-history":[{"count":0,"href":"https:\/\/linitiative.ca\/International\/wp-json\/wp\/v2\/posts\/109048\/revisions"}],"wp:attachment":[{"href":"https:\/\/linitiative.ca\/International\/wp-json\/wp\/v2\/media?parent=109048"}],"wp:term":[{"taxonomy":"category","embeddable":true,"href":"https:\/\/linitiative.ca\/International\/wp-json\/wp\/v2\/categories?post=109048"},{"taxonomy":"post_tag","embeddable":true,"href":"https:\/\/linitiative.ca\/International\/wp-json\/wp\/v2\/tags?post=109048"}],"curies":[{"name":"wp","href":"https:\/\/api.w.org\/{rel}","templated":true}]}}