{"id":109049,"date":"2021-01-10T14:18:02","date_gmt":"2021-01-10T19:18:02","guid":{"rendered":"https:\/\/linitiative.ca\/International\/cote-divoire-les-victimes-sengagent-pour-la-reconciliation-nationale\/"},"modified":"2021-01-10T14:18:02","modified_gmt":"2021-01-10T19:18:02","slug":"cote-divoire-les-victimes-sengagent-pour-la-reconciliation-nationale","status":"publish","type":"post","link":"https:\/\/linitiative.ca\/International\/cote-divoire-les-victimes-sengagent-pour-la-reconciliation-nationale\/","title":{"rendered":"C\u00f4te d\u2019Ivoire : les victimes s\u2019engagent pour la r\u00e9conciliation nationale"},"content":{"rendered":"<div readability=\"32\">\n<p>Publi\u00e9 le 10.01.2021 \u00e0 20h18 par APA News<\/p>\n<\/div>\n<div readability=\"74\">\n<p>Le Collectif des victimes des crises en C\u00f4te d\u2019Ivoire ( CVCI) s\u2019est engag\u00e9 dimanche \u00e0 Abidjan \u00e0 \u00ab adh\u00e9rer au processus de r\u00e9conciliation \u00bb dans le pays, plaidant pour le respect de leurs \u00ab droits fondamentaux \u00bb.<\/p>\n<p>\u00ab J\u2019appelle \u00a0les victimes \u00e0 la mobilisation et \u00e0 adh\u00e9rer au processus de r\u00e9conciliation. En d\u00e9pit de tout, nous les victimes voulons aller \u00e0 la r\u00e9conciliation, mais \u00e0 condition de respecter nos droits fondamentaux \u00bb, a affirm\u00e9 Issiaka Diaby, le pr\u00e9sident de cette organisation dans une conf\u00e9rence de presse.\u00a0<\/p>\n<p>Cet engagement du CVCI intervient quelques jours apr\u00e8s sa rencontre avec le premier ministre ivoirien Hamed Bakayoko. \u00a0Selon M. Diaby, \u00e0 l\u2019issue de cet entretien, le chef du gouvernement ivoirien \u00a0\u00ab a r\u00e9pondu favorablement \u00e0 nos pr\u00e9occupations et nous a promis que les victimes seront au c\u0153ur du processus de r\u00e9conciliation\u00bb.<\/p>\n<p>\u00a0 Poursuivant M. Diaby a dit \u00e9galement l\u2019engagement de son organisation \u00e0 \u00ab agir de fa\u00e7on citoyenne \u00bb pour exclure d\u00e9finitivement les va-t-en-guerre de la classe politique ivoirienne qu\u2019il qualifie de \u00a0\u00ab g\u00e9n\u00e9ration violente \u00bb. \u00a0\u00ab On va se mobiliser pour lutter contre les acteurs de violence en C\u00f4te d\u2019Ivoire \u00bb, a-t-il assur\u00e9.\u00a0<\/p>\n<p>\u00ab Mobilisez-vous, \u00a0nous allons nous accaparer le processus de r\u00e9conciliation \u00a0\u00bb, a insist\u00e9 M. Diaby aupr\u00e8s des membres de son organisation. Dans la foul\u00e9e, M. Diaby a r\u00e9affirm\u00e9 l\u2019opposition du CVCI au retour en C\u00f4te d\u2019Ivoire de l\u2019ex- pr\u00e9sident ivoirien Laurent Gbagbo en libert\u00e9 conditionnelle en Belgique estimant que la proc\u00e9dure \u00e0 l\u2019encontre de celui-ci est encore pendante devant la Cour p\u00e9nale internationale ( CPI). \u00a0<\/p>\n<p>\u00ab M. Gbagbo a le droit le rentrer en C\u00f4te d\u2019Ivoire, mais nous aussi avons le droit \u00e0 la justice \u00bb, a soutenu M. Diaby. \u00a0Les conclusions du dialogue politique entre le gouvernement, l\u2019opposition et la soci\u00e9t\u00e9 civile, conduit par le Premier ministre Hamed Bakayoko participent depuis quelques jours \u00e0 la d\u00e9crispation de la situation socio-politique du pays.<\/p>\n<\/div>\n<p>Auteur: APA News<br \/>\n<a href=\"https:\/\/www.journalducameroun.com\/cote-divoire-les-victimes-sengagent-pour-la-reconciliation-nationale\/\">Cliquez ici pour lire l&rsquo;article depuis sa source.<\/a><\/p>\n","protected":false},"excerpt":{"rendered":"<p>Publi\u00e9 le 10.01.2021 \u00e0 20h18 par APA News Le Collectif des victimes des crises en C\u00f4te d\u2019Ivoire ( CVCI) s\u2019est engag\u00e9 dimanche \u00e0 Abidjan \u00e0 \u00ab adh\u00e9rer au processus de r\u00e9conciliation \u00bb dans le pays, plaidant pour le respect de leurs \u00ab droits fondamentaux \u00bb. \u00ab J\u2019appelle \u00a0les victimes \u00e0 la mobilisation et \u00e0 adh\u00e9rer [&hellip;]<\/p>\n","protected":false},"author":1965,"featured_media":0,"comment_status":"closed","ping_status":"closed","sticky":false,"template":"","format":"standard","meta":{"fifu_image_url":"","fifu_image_alt":"","footnotes":""},"categories":[73,82],"tags":[],"class_list":["post-109049","post","type-post","status-publish","format-standard","hentry","category-actualite","category-cameroun"],"_links":{"self":[{"href":"https:\/\/linitiative.ca\/International\/wp-json\/wp\/v2\/posts\/109049","targetHints":{"allow":["GET"]}}],"collection":[{"href":"https:\/\/linitiative.ca\/International\/wp-json\/wp\/v2\/posts"}],"about":[{"href":"https:\/\/linitiative.ca\/International\/wp-json\/wp\/v2\/types\/post"}],"author":[{"embeddable":true,"href":"https:\/\/linitiative.ca\/International\/wp-json\/wp\/v2\/users\/1965"}],"replies":[{"embeddable":true,"href":"https:\/\/linitiative.ca\/International\/wp-json\/wp\/v2\/comments?post=109049"}],"version-history":[{"count":0,"href":"https:\/\/linitiative.ca\/International\/wp-json\/wp\/v2\/posts\/109049\/revisions"}],"wp:attachment":[{"href":"https:\/\/linitiative.ca\/International\/wp-json\/wp\/v2\/media?parent=109049"}],"wp:term":[{"taxonomy":"category","embeddable":true,"href":"https:\/\/linitiative.ca\/International\/wp-json\/wp\/v2\/categories?post=109049"},{"taxonomy":"post_tag","embeddable":true,"href":"https:\/\/linitiative.ca\/International\/wp-json\/wp\/v2\/tags?post=109049"}],"curies":[{"name":"wp","href":"https:\/\/api.w.org\/{rel}","templated":true}]}}