{"id":109050,"date":"2021-01-10T18:04:41","date_gmt":"2021-01-10T23:04:41","guid":{"rendered":"https:\/\/linitiative.ca\/International\/maroc-lancement-de-la-plateforme-de-promotion-de-linvestissement-a-dakhla\/"},"modified":"2021-01-10T18:04:41","modified_gmt":"2021-01-10T23:04:41","slug":"maroc-lancement-de-la-plateforme-de-promotion-de-linvestissement-a-dakhla","status":"publish","type":"post","link":"https:\/\/linitiative.ca\/International\/maroc-lancement-de-la-plateforme-de-promotion-de-linvestissement-a-dakhla\/","title":{"rendered":"Maroc : Lancement de la plateforme de promotion de l\u2019investissement \u00e0 Dakhla"},"content":{"rendered":"<div readability=\"32\">\n<p>Publi\u00e9 le 11.01.2021 \u00e0 00h18 par APA News<\/p>\n<\/div>\n<div readability=\"97\">\n<p>Par Hicham Alaoui \u2014 Une plateforme d\u00e9di\u00e9e \u00e0 la promotion de l\u2019investissement et au marketing territorial de Dakhla, a \u00e9t\u00e9 lanc\u00e9e dimanche, avec pour objectif de mettre en place une passerelle entre les entreprises de la r\u00e9gion, les investisseurs, les clients et les fournisseurs potentiels.Cet outil incontournable, qui vient renforcer le dispositif d\u2019appui aux activit\u00e9s \u00e9conomiques et \u00e0 l\u2019investissement, en partenariat entre le Maroc et le gouvernement des Etats-Unis d\u2019Am\u00e9rique, a \u00e9t\u00e9 lanc\u00e9 en pr\u00e9sence notamment du Sous-secr\u00e9taire d\u2019Etat am\u00e9ricain en charge des questions du Proche-Orient et de l\u2019Afrique du Nord, David Schenker et de nombreuses personnalit\u00e9s.<\/p>\n<p>Financ\u00e9e par le Bureau des Affaires du Proche-Orient (NEA) au d\u00e9partement d\u2019\u00c9tat des Etats-Unis, en partenariat avec l\u2019Initiative de Partenariat des \u00c9tats-Unis au Moyen-Orient (MEPI), cette plateforme a pour objectifs de promouvoir les atouts \u00e9conomiques de Dakhla, dans le but d\u2019explorer les opportunit\u00e9s d\u2019\u00e9changes et de collaboration \u00e9conomique \u00e0 l\u2019\u00e9chelle nationale et internationale dans plusieurs secteurs cl\u00e9s, tels l\u2019agriculture, les \u00e9nergies renouvelables, le tourisme, la logistique et la p\u00eache.<\/p>\n<p>Mis en \u0153uvre par le bureau d\u2019\u00e9tudes et de Conseil international JE Austin Associates, bas\u00e9 \u00e0 Washington DC, sp\u00e9cialis\u00e9 dans la gestion et mise en \u0153uvre de projets de d\u00e9veloppement \u00e9conomique \u00e0 travers le monde et dont le bureau r\u00e9gional \u00e0 Rabat, ce portail regroupera, \u00e0 terme, la base de donn\u00e9es des entreprises de la r\u00e9gion avec une fiche signal\u00e9tique compl\u00e8te et ce, via un moteur de recherche innovant permettant la recherche et la localisation sur la carte de toute entit\u00e9 socio-\u00e9conomique de la ville.<\/p>\n<p>La plateforme \u00ab Dakhlaconnect.com \u00bb se d\u00e9cline en trois phases principales, \u00e0 savoir l\u2019\u00e9laboration d\u2019une plateforme digitale et le marketing et la promotion des opportunit\u00e9s d\u2019investissements, ainsi que l\u2019organisation d\u2019\u00e9v\u00e9nements B2B, avec la mobilisation des acteurs locaux, y compris la wilaya de la r\u00e9gion, le Conseil r\u00e9gional, le secteur priv\u00e9, les Chambres de commerce, les banques et la conf\u00e9d\u00e9ration g\u00e9n\u00e9rale des entreprises du Maroc (CGEM).<\/p>\n<p>Cette rencontre de concertation d\u00e9di\u00e9e \u00e0 la pr\u00e9sentation de cette plateforme a \u00e9t\u00e9 l\u2019occasion de mettre en exergue les composantes et sp\u00e9cificit\u00e9s de ce portail digital visant \u00e0 identifier les attentes de diff\u00e9rents acteurs, en permettant la collecte de donn\u00e9es relatives aux infrastructures et aux entreprises op\u00e9rationnelles \u00e0 Dakhla et les infrastructures.<\/p>\n<p>Dakhla, la perle du sud marocain, est devenu au fil des ans un p\u00f4le urbain catalyseur d\u2019investissements et une destination touristique par excellence.<\/p>\n<p>Dot\u00e9e d\u2019infrastructures h\u00f4teli\u00e8res aux normes internationales, les potentialit\u00e9s naturelles et \u00e9cologiques singuli\u00e8res de la r\u00e9gion envo\u00fbtent les touristes marocains et \u00e9trangers. En effet, la r\u00e9gion jouit d\u2019importantes potentialit\u00e9s touristiques et d\u00e9tient des secrets qui attirent des voyageurs de toutes les nationalit\u00e9s.<\/p>\n<\/div>\n<p>Auteur: APA News<br \/>\n<a href=\"https:\/\/www.journalducameroun.com\/maroc-lancement-de-la-plateforme-de-promotion-de-linvestissement-a-dakhla\/\">Cliquez ici pour lire l&rsquo;article depuis sa source.<\/a><\/p>\n","protected":false},"excerpt":{"rendered":"<p>Publi\u00e9 le 11.01.2021 \u00e0 00h18 par APA News Par Hicham Alaoui \u2014 Une plateforme d\u00e9di\u00e9e \u00e0 la promotion de l\u2019investissement et au marketing territorial de Dakhla, a \u00e9t\u00e9 lanc\u00e9e dimanche, avec pour objectif de mettre en place une passerelle entre les entreprises de la r\u00e9gion, les investisseurs, les clients et les fournisseurs potentiels.Cet outil incontournable, [&hellip;]<\/p>\n","protected":false},"author":1965,"featured_media":0,"comment_status":"closed","ping_status":"closed","sticky":false,"template":"","format":"standard","meta":{"fifu_image_url":"","fifu_image_alt":"","footnotes":""},"categories":[73,82],"tags":[],"class_list":["post-109050","post","type-post","status-publish","format-standard","hentry","category-actualite","category-cameroun"],"_links":{"self":[{"href":"https:\/\/linitiative.ca\/International\/wp-json\/wp\/v2\/posts\/109050","targetHints":{"allow":["GET"]}}],"collection":[{"href":"https:\/\/linitiative.ca\/International\/wp-json\/wp\/v2\/posts"}],"about":[{"href":"https:\/\/linitiative.ca\/International\/wp-json\/wp\/v2\/types\/post"}],"author":[{"embeddable":true,"href":"https:\/\/linitiative.ca\/International\/wp-json\/wp\/v2\/users\/1965"}],"replies":[{"embeddable":true,"href":"https:\/\/linitiative.ca\/International\/wp-json\/wp\/v2\/comments?post=109050"}],"version-history":[{"count":0,"href":"https:\/\/linitiative.ca\/International\/wp-json\/wp\/v2\/posts\/109050\/revisions"}],"wp:attachment":[{"href":"https:\/\/linitiative.ca\/International\/wp-json\/wp\/v2\/media?parent=109050"}],"wp:term":[{"taxonomy":"category","embeddable":true,"href":"https:\/\/linitiative.ca\/International\/wp-json\/wp\/v2\/categories?post=109050"},{"taxonomy":"post_tag","embeddable":true,"href":"https:\/\/linitiative.ca\/International\/wp-json\/wp\/v2\/tags?post=109050"}],"curies":[{"name":"wp","href":"https:\/\/api.w.org\/{rel}","templated":true}]}}