{"id":109051,"date":"2021-01-11T06:18:01","date_gmt":"2021-01-11T11:18:01","guid":{"rendered":"https:\/\/linitiative.ca\/International\/demi-finale-retour-de-la-coupe-mohammed-vi-des-clubs-champions-le-raja-joue-son-va-tout\/"},"modified":"2021-01-11T06:18:01","modified_gmt":"2021-01-11T11:18:01","slug":"demi-finale-retour-de-la-coupe-mohammed-vi-des-clubs-champions-le-raja-joue-son-va-tout","status":"publish","type":"post","link":"https:\/\/linitiative.ca\/International\/demi-finale-retour-de-la-coupe-mohammed-vi-des-clubs-champions-le-raja-joue-son-va-tout\/","title":{"rendered":"Demi-finale retour de la Coupe Mohammed VI des clubs champions : Le Raja joue son va-tout"},"content":{"rendered":"<header>\n<div class=\"entry-post-meta\">\n<div class=\"author-link\">Publi\u00e9 par <a itemprop=\"author\" itemscope=\"\" itemtype=\"https:\/\/schema.org\/Person\" href=\"https:\/\/aujourdhui.ma\/author\/blio\" rel=\"author\"><span itemprop=\"name\">ALM<\/span><\/a><\/div>\n<p>Date\u00a0:<time content=\"2021-01-11T12:18:01+01:00\" class=\"entry-date updated\" datetime=\"2021-01-11T12:18:01+01:00\">janvier 11, 2021<\/time><\/p>\n<div class=\"entry-cat\">dans:<a href=\"https:\/\/aujourdhui.ma\/category\/sports\" rel=\"category tag\">Sports<\/a>, <a href=\"https:\/\/aujourdhui.ma\/category\/une\" rel=\"category tag\">Une<\/a><\/div>\n<p>79Vues<\/p>\n<\/div>\n<\/header>\n<div class=\"entry-content clearfix\" readability=\"55\"><img decoding=\"async\" class=\"post_layout_5_img\" src=\"http:\/\/aujourdhui.ma\/wp-content\/uploads\/2021\/01\/rca-vs-ismaili.jpg\" alt=\"Demi-finale retour de la Coupe Mohammed VI des clubs champions : Le Raja joue son va-tout\"\/><\/p>\n<p><span class=\"c5\"><strong>Vous en conviendrez, l\u2019\u00e9tat de la pelouse du Complexe sportif Mohammed V, ressemblant \u00e0 une vraie pataugeoire a eu en partie raison de la volont\u00e9 du Raja de se qualifier \u00e0 la phase de groupes de la Ligue des champions.<\/strong><\/span><span id=\"more-365216\"\/><\/p>\n<p>Pour \u00e9viter une nouvelle d\u00e9route et le m\u00eame triste sc\u00e9nario du match contre les S\u00e9n\u00e9galais de Teungueth FC, le club a demand\u00e9 \u00e0 l\u2019Union des associations arabes de football (UAFA) de disputer la rencontre retour contre Al Ismaily (Egypte) pour le compte de la demi-finale de la Coupe Mohammed VI des clubs champions hors Casablanca. Les fortes pluies qui se sont abattues ces derniers jours sur la capitale \u00e9conomique du Royaume ont inond\u00e9 le complexe, rendant sa pelouse impraticable.<br \/>Un communiqu\u00e9 du Raja indique qu\u2019un observateur de l\u2019UAFA a effectu\u00e9 une visite d\u2019inspection au complexe sportif, accompagn\u00e9 de membres du bureau dirigeant du club, ajoutant que suite \u00e0 l\u2019examen du sol, et consultation des pr\u00e9visions m\u00e9t\u00e9orologiques pour les trois prochains jours, il a \u00e9t\u00e9 d\u00e9cid\u00e9 d\u2019organiser le match au Grand stade de Marrakech lundi \u00e0 20h00.<br \/>Au sifflet, l\u2019UAFA a d\u00e9sign\u00e9 un arbitre irakien. Il s\u2019agit de Mohanad Qasim (40 ans). Il sera assist\u00e9 par son compatriote Watheq Mdallal ainsi que le Jordanien Ahmad Ruwaili.<br \/>La mission du quatri\u00e8me arbitre a \u00e9t\u00e9 confi\u00e9e \u00e0 Ahmed Yacoub, \u00e9galement de Jordanie.<br \/>Le Raja sera priv\u00e9 des services de Abdelilah Hafidi qui ne s\u2019est toujours pas totalement remis de sa blessure et certainement de Ben Malango atteint de la Covid-19. Le virus n\u2019a non plus pas \u00e9pargn\u00e9 le staff technique puisque l\u2019entra\u00eeneur Jamal Sellami et son adjoint Bekkari ont eux aussi \u00e9t\u00e9 test\u00e9s positifs. C\u2019est Hicham Aboucherouane qui sera aux commandes pour diriger l\u2019\u00e9quipe. Le vainqueur de cette rencontre d\u00e9cisive croisera le fer avec l\u2019Ittihad Djeddah de Karim El Ahmadi qui s\u2019\u00e9tait qualifi\u00e9 en finale en \u00e9liminant le Shabab (2-1) lundi dernier apr\u00e8s un score de (2-2) \u00e0 l\u2019aller. Par ailleurs, l\u2019UAFA aurait d\u00e9cid\u00e9 de revoir \u00e0 la baisse les primes attribu\u00e9es aux clubs participant \u00e0 la Coupe Mohammed VI de football.<br \/>En raison de la crise engendr\u00e9e par la propagation de la Covid-19 et l\u2019arr\u00eat de l\u2019activit\u00e9 sportive pendant plusieurs mois, les concourants \u00e0 cette prestigieuse et tr\u00e8s lucrative comp\u00e9tition ne b\u00e9n\u00e9ficieraient d\u00e9sormais que de la moiti\u00e9 des \u00e9moluments qui leur avaient \u00e9t\u00e9 consacr\u00e9s avant la pand\u00e9mie. Le vainqueur aurait ainsi droit \u00e0 3 millions de dollars au lieu de 6, comme ce fut le cas auparavant. Le finaliste, lui, se verrait verser le montant d\u20191,5 million de dollars au lieu de 3.<\/p>\n<\/div>\n<p>Auteur: ALM<br \/>\n<a href=\"https:\/\/aujourdhui.ma\/une\/demi-finale-retour-de-la-coupe-mohammed-vi-des-clubs-champions-le-raja-joue-son-va-tout\">Cliquez ici pour lire l&rsquo;article depuis sa source.<\/a><\/p>\n","protected":false},"excerpt":{"rendered":"<p>Publi\u00e9 par ALM Date\u00a0:janvier 11, 2021 dans:Sports, Une 79Vues Vous en conviendrez, l\u2019\u00e9tat de la pelouse du Complexe sportif Mohammed V, ressemblant \u00e0 une vraie pataugeoire a eu en partie raison de la volont\u00e9 du Raja de se qualifier \u00e0 la phase de groupes de la Ligue des champions. Pour \u00e9viter une nouvelle d\u00e9route et [&hellip;]<\/p>\n","protected":false},"author":1759,"featured_media":0,"comment_status":"closed","ping_status":"closed","sticky":false,"template":"","format":"standard","meta":{"fifu_image_url":"http:\/\/aujourdhui.ma\/wp-content\/uploads\/2021\/01\/rca-vs-ismaili.jpg","fifu_image_alt":"Demi-finale retour de la Coupe Mohammed VI des clubs champions : Le Raja joue son va-tout","footnotes":""},"categories":[73,54],"tags":[],"class_list":["post-109051","post","type-post","status-publish","format-standard","hentry","category-actualite","category-maroc"],"_links":{"self":[{"href":"https:\/\/linitiative.ca\/International\/wp-json\/wp\/v2\/posts\/109051","targetHints":{"allow":["GET"]}}],"collection":[{"href":"https:\/\/linitiative.ca\/International\/wp-json\/wp\/v2\/posts"}],"about":[{"href":"https:\/\/linitiative.ca\/International\/wp-json\/wp\/v2\/types\/post"}],"author":[{"embeddable":true,"href":"https:\/\/linitiative.ca\/International\/wp-json\/wp\/v2\/users\/1759"}],"replies":[{"embeddable":true,"href":"https:\/\/linitiative.ca\/International\/wp-json\/wp\/v2\/comments?post=109051"}],"version-history":[{"count":0,"href":"https:\/\/linitiative.ca\/International\/wp-json\/wp\/v2\/posts\/109051\/revisions"}],"wp:attachment":[{"href":"https:\/\/linitiative.ca\/International\/wp-json\/wp\/v2\/media?parent=109051"}],"wp:term":[{"taxonomy":"category","embeddable":true,"href":"https:\/\/linitiative.ca\/International\/wp-json\/wp\/v2\/categories?post=109051"},{"taxonomy":"post_tag","embeddable":true,"href":"https:\/\/linitiative.ca\/International\/wp-json\/wp\/v2\/tags?post=109051"}],"curies":[{"name":"wp","href":"https:\/\/api.w.org\/{rel}","templated":true}]}}