{"id":109054,"date":"2021-01-11T08:50:58","date_gmt":"2021-01-11T13:50:58","guid":{"rendered":"https:\/\/linitiative.ca\/International\/formation-et-accompagnement-le-cri-souss-massa-et-bank-of-africa-soutiennent-les-tpme-et-les-auto-entrepreneurs\/"},"modified":"2021-01-11T08:50:58","modified_gmt":"2021-01-11T13:50:58","slug":"formation-et-accompagnement-le-cri-souss-massa-et-bank-of-africa-soutiennent-les-tpme-et-les-auto-entrepreneurs","status":"publish","type":"post","link":"https:\/\/linitiative.ca\/International\/formation-et-accompagnement-le-cri-souss-massa-et-bank-of-africa-soutiennent-les-tpme-et-les-auto-entrepreneurs\/","title":{"rendered":"Formation et accompagnement : Le CRI Souss-Massa et Bank of Africa soutiennent les TPME et les auto-entrepreneurs"},"content":{"rendered":"<p><img decoding=\"async\" class=\"post_layout_5_img\" src=\"http:\/\/aujourdhui.ma\/wp-content\/uploads\/2021\/01\/CRI-Souss-Massa-et-Bank-of-Africa-soutiennent-les-TPME-et-les-auto-entrepreneurs.jpg\" alt=\"Formation et accompagnement : Le CRI Souss-Massa et Bank of Africa soutiennent les TPME et les auto-entrepreneurs\"\/><\/p>\n<p><span class=\"c5\"><strong>Les TPME et auto-entrepreneurs de la r\u00e9gion Souss-Massa b\u00e9n\u00e9ficieront d\u2019un programme de formation et d\u2019accompagnement et qui sera initi\u00e9e par le CRI et Bank of Africa Groupe BMCE.<\/strong><\/span><\/p>\n<p><span id=\"more-365205\"\/><br \/>Apr\u00e8s une premi\u00e8re initiative qui a touch\u00e9 les coop\u00e9ratives de la r\u00e9gion Souss-Massa dans le cadre de la mise en \u0153uvre de la convention de partenariat conclue entre le Centre r\u00e9gional d\u2019investissement Souss-Massa et l\u2019observatoire de l\u2019entrepreneuriat de Bank of Africa le 22 octobre 2020, les deux partenaires lancent un nouveau programme de formation qui profitera cette fois aux auto-entrepreneurs et aux tr\u00e8s petites et moyennes entreprises de la r\u00e9gion, et ce dans l\u2019objectif d\u2019accro\u00eetre leur productivit\u00e9, la comp\u00e9titivit\u00e9 de leurs entreprises et garantir leur p\u00e9rennit\u00e9.<br \/>Il s\u2019agit de cycles de formation durant lesquels les experts m\u00e9tiers de l\u2019observatoire de l\u2019entrepreneuriat mettront leurs savoirs et leurs exp\u00e9riences \u00e0 la disposition de cette population, notamment en ce qui concerne l\u2019\u00e9laboration de business model, l\u2019identification et la mise en place de la strat\u00e9gie d\u2019une entreprise et de ses valeurs, l\u2019acc\u00e8s au march\u00e9 : compte d\u2019exploitation pr\u00e9visionnel et gestion des appels d\u2019offres, l\u2019acc\u00e8s au march\u00e9 : e-commerce, l\u2019acc\u00e8s au financement, et enfin l\u2019accompagnement et la cristallisation : valise de l\u2019entrepreneur.<\/p>\n<p>D\u2019apr\u00e8s un appel \u00e0 manifestation d\u2019int\u00e9r\u00eat lanc\u00e9 par le CRI, sont \u00e9ligibles \u00e0 b\u00e9n\u00e9ficier de cette formation: les dirigeants des TPME exer\u00e7ant officiellement sur le territoire de la r\u00e9gion Souss-Massa, depuis moins de trois ans et n\u2019ayant pas atteint 10 millions de dirhams de chiffre d\u2019affaires, les auto-entrepreneurs ayant atteint le seuil de la maturit\u00e9, soit un chiffre d\u2019affaires annuel sup\u00e9rieur \u00e0 200 MDH pour les auto-entrepreneurs exer\u00e7ant une activit\u00e9 de services et 500 MDH pour ceux actifs dans l\u2019industrie, le commerce et l\u2019artisanat. A l\u2019issue de chaque cycle de formation regroupant un nombre limit\u00e9 de participants, des attestations de participation seront d\u00e9livr\u00e9es \u00e0 ceux qui ont suivi le cycle dans sa globalit\u00e9.<\/p>\n<p>Pour rappel, la convention de partenariat sign\u00e9e entre les deux institutions vise \u00e0 d\u00e9finir les modalit\u00e9s de collaboration et de coop\u00e9ration entre les deux institutions au regard du renforcement de leurs synergies au service de l\u2019entrepreneuriat r\u00e9gional.<\/p>\n<p>La convention est structur\u00e9e autour des axes li\u00e9s \u00e0 la promotion de l\u2019entrepreneuriat des jeunes, l\u2019accompagnement des jeunes porteurs d\u2019id\u00e9es de projets, le partage d\u2019expertise en mati\u00e8re d\u2019intelligence \u00e9conomique et territoriale et la promotion du territoire \u00e0 travers des \u00e9v\u00e9nements et des conf\u00e9rences d\u2019actualit\u00e9.<\/p>\n<p>De m\u00eame cette coop\u00e9ration souhaite l\u2019am\u00e9lioration des comp\u00e9tences entrepreneuriales des auto-entrepreneurs, TPE et PME, selon la m\u00eame source qui rel\u00e8ve que la d\u00e9clinaison op\u00e9rationnelle des objectifs du partenariat se fera \u00e0 travers plusieurs projets.<\/p>\n<p>Auteur: Mohamed Laabid<br \/>\n<a href=\"https:\/\/aujourdhui.ma\/economie\/formation-et-accompagnement-le-cri-souss-massa-et-bank-of-africa-soutiennent-les-tpme-et-les-auto-entrepreneurs\">Cliquez ici pour lire l&rsquo;article depuis sa source.<\/a><\/p>\n","protected":false},"excerpt":{"rendered":"<p>Les TPME et auto-entrepreneurs de la r\u00e9gion Souss-Massa b\u00e9n\u00e9ficieront d\u2019un programme de formation et d\u2019accompagnement et qui sera initi\u00e9e par le CRI et Bank of Africa Groupe BMCE. Apr\u00e8s une premi\u00e8re initiative qui a touch\u00e9 les coop\u00e9ratives de la r\u00e9gion Souss-Massa dans le cadre de la mise en \u0153uvre de la convention de partenariat conclue [&hellip;]<\/p>\n","protected":false},"author":1759,"featured_media":0,"comment_status":"closed","ping_status":"closed","sticky":false,"template":"","format":"standard","meta":{"fifu_image_url":"http:\/\/aujourdhui.ma\/wp-content\/uploads\/2021\/01\/CRI-Souss-Massa-et-Bank-of-Africa-soutiennent-les-TPME-et-les-auto-entrepreneurs.jpg","fifu_image_alt":"Formation et accompagnement : Le CRI Souss-Massa et Bank of Africa soutiennent les TPME et les auto-entrepreneurs","footnotes":""},"categories":[73,54],"tags":[],"class_list":["post-109054","post","type-post","status-publish","format-standard","hentry","category-actualite","category-maroc"],"_links":{"self":[{"href":"https:\/\/linitiative.ca\/International\/wp-json\/wp\/v2\/posts\/109054","targetHints":{"allow":["GET"]}}],"collection":[{"href":"https:\/\/linitiative.ca\/International\/wp-json\/wp\/v2\/posts"}],"about":[{"href":"https:\/\/linitiative.ca\/International\/wp-json\/wp\/v2\/types\/post"}],"author":[{"embeddable":true,"href":"https:\/\/linitiative.ca\/International\/wp-json\/wp\/v2\/users\/1759"}],"replies":[{"embeddable":true,"href":"https:\/\/linitiative.ca\/International\/wp-json\/wp\/v2\/comments?post=109054"}],"version-history":[{"count":0,"href":"https:\/\/linitiative.ca\/International\/wp-json\/wp\/v2\/posts\/109054\/revisions"}],"wp:attachment":[{"href":"https:\/\/linitiative.ca\/International\/wp-json\/wp\/v2\/media?parent=109054"}],"wp:term":[{"taxonomy":"category","embeddable":true,"href":"https:\/\/linitiative.ca\/International\/wp-json\/wp\/v2\/categories?post=109054"},{"taxonomy":"post_tag","embeddable":true,"href":"https:\/\/linitiative.ca\/International\/wp-json\/wp\/v2\/tags?post=109054"}],"curies":[{"name":"wp","href":"https:\/\/api.w.org\/{rel}","templated":true}]}}