{"id":109055,"date":"2021-01-11T10:41:34","date_gmt":"2021-01-11T15:41:34","guid":{"rendered":"https:\/\/linitiative.ca\/International\/paru-aux-editions-onze-lacunes-nouveau-recueil-de-poesie-de-salim-saidi\/"},"modified":"2021-01-11T10:41:34","modified_gmt":"2021-01-11T15:41:34","slug":"paru-aux-editions-onze-lacunes-nouveau-recueil-de-poesie-de-salim-saidi","status":"publish","type":"post","link":"https:\/\/linitiative.ca\/International\/paru-aux-editions-onze-lacunes-nouveau-recueil-de-poesie-de-salim-saidi\/","title":{"rendered":"Paru aux \u00e9ditions Onze : \u00abLacunes\u00bb, nouveau recueil de po\u00e9sie de Salim Saidi"},"content":{"rendered":"<header>\n<div class=\"entry-post-meta\">\n<div class=\"author-link\">Publi\u00e9 par <a itemprop=\"author\" itemscope=\"\" itemtype=\"https:\/\/schema.org\/Person\" href=\"https:\/\/aujourdhui.ma\/author\/blio\" rel=\"author\"><span itemprop=\"name\">ALM<\/span><\/a><\/div>\n<p>Date\u00a0:<time content=\"2021-01-11T16:41:34+01:00\" class=\"entry-date updated\" datetime=\"2021-01-11T16:41:34+01:00\">janvier 11, 2021<\/time><\/p>\n<div class=\"entry-cat\">dans:<a href=\"https:\/\/aujourdhui.ma\/category\/culture\" rel=\"category tag\">Culture<\/a><\/div>\n<p>14Vues<\/p>\n<\/div>\n<\/header>\n<div class=\"entry-content clearfix\" readability=\"63\"><img decoding=\"async\" class=\"post_layout_5_img\" src=\"http:\/\/aujourdhui.ma\/wp-content\/uploads\/2021\/01\/Salim-Saidi.jpg\" alt=\"Paru aux &#xE9;ditions Onze : &#xAB;Lacunes&#xBB;, nouveau recueil de po&#xE9;sie de Salim Saidi\"\/><\/p>\n<p><span class=\"c5\"><strong>Les \u00e9ditions Onze viennent de publier un nouveau recueil de po\u00e9sie intitul\u00e9 \u00abLacunes\u00bb de Salim Saidi.<\/strong><\/span><span id=\"more-365235\"\/><\/p>\n<p>A travers cette \u0153uvre, l\u2019auteur dessine un monde o\u00f9 le mot a ce pouvoir divin de traverser l\u2019\u00e2me et l\u2019esprit, pour venir confortablement s\u2019installer dans la m\u00e9moire. \u00abD\u2019une complexit\u00e9 infinie, tiraill\u00e9e entre imaginaire et r\u00e9alit\u00e9 subjective, l\u2019apparente tornade linguistique d\u00e9gage une vision chaotique et \u00e0 fleur de peau du monde. Salim Saidi est un homme du 21\u00e8me si\u00e8cle, rappeur et po\u00e8te, entre modernit\u00e9 cruelle et tradition \u00e9cul\u00e9e. La po\u00e9sie de Salim Saidi n\u2019a rien de commun, son interpr\u00e9tation n\u2019est jamais fig\u00e9e en une seule image. Le jeune auteur n\u2019h\u00e9site pas \u00e0 transgresser les r\u00e8gles du biens\u00e9ant pour nous faire voyager \u00e0 travers les murs de la r\u00e9alit\u00e9, la n\u00f4tre\u2026 La sienne\u00bb, peut-on lire dans une note d\u2019information.<\/p>\n<p>Avec ce premier recueil, le jeune po\u00e8te nous fait plonger dans une autre dimension dont on ne sort pas forc\u00e9ment indemne. Il y a, au c\u0153ur de ses questionnements, de ses enfermements, un battement puissant, une force perdue, la beaut\u00e9 des mots. Pour noter, Salim Saidi est n\u00e9 en 1988 \u00e0 Rabat. Licenci\u00e9 en sciences politiques, amoureux des livres et des lettres, hypersensible de l\u2019extr\u00eame, nourri d\u2019Orient o\u00f9 il puise sa spiritualit\u00e9 et d\u2019Occident d\u2019o\u00f9 il tient son cart\u00e9sianisme, il a su m\u00ealer ses deux influences pour donner vie \u00e0 ses pens\u00e9es dans un recueil poignant.<\/p>\n<\/div>\n<p>Auteur: ALM<br \/>\n<a href=\"https:\/\/aujourdhui.ma\/culture\/paru-aux-editions-onze-lacunes-nouveau-recueil-de-poesie-de-salim-saidi\">Cliquez ici pour lire l&rsquo;article depuis sa source.<\/a><\/p>\n","protected":false},"excerpt":{"rendered":"<p>Publi\u00e9 par ALM Date\u00a0:janvier 11, 2021 dans:Culture 14Vues Les \u00e9ditions Onze viennent de publier un nouveau recueil de po\u00e9sie intitul\u00e9 \u00abLacunes\u00bb de Salim Saidi. A travers cette \u0153uvre, l\u2019auteur dessine un monde o\u00f9 le mot a ce pouvoir divin de traverser l\u2019\u00e2me et l\u2019esprit, pour venir confortablement s\u2019installer dans la m\u00e9moire. \u00abD\u2019une complexit\u00e9 infinie, tiraill\u00e9e [&hellip;]<\/p>\n","protected":false},"author":1759,"featured_media":0,"comment_status":"closed","ping_status":"closed","sticky":false,"template":"","format":"standard","meta":{"fifu_image_url":"http:\/\/aujourdhui.ma\/wp-content\/uploads\/2021\/01\/Salim-Saidi.jpg","fifu_image_alt":"Paru aux \u00e9ditions Onze : \u00abLacunes\u00bb, nouveau recueil de po\u00e9sie de Salim Saidi","footnotes":""},"categories":[73,54],"tags":[],"class_list":["post-109055","post","type-post","status-publish","format-standard","hentry","category-actualite","category-maroc"],"_links":{"self":[{"href":"https:\/\/linitiative.ca\/International\/wp-json\/wp\/v2\/posts\/109055","targetHints":{"allow":["GET"]}}],"collection":[{"href":"https:\/\/linitiative.ca\/International\/wp-json\/wp\/v2\/posts"}],"about":[{"href":"https:\/\/linitiative.ca\/International\/wp-json\/wp\/v2\/types\/post"}],"author":[{"embeddable":true,"href":"https:\/\/linitiative.ca\/International\/wp-json\/wp\/v2\/users\/1759"}],"replies":[{"embeddable":true,"href":"https:\/\/linitiative.ca\/International\/wp-json\/wp\/v2\/comments?post=109055"}],"version-history":[{"count":0,"href":"https:\/\/linitiative.ca\/International\/wp-json\/wp\/v2\/posts\/109055\/revisions"}],"wp:attachment":[{"href":"https:\/\/linitiative.ca\/International\/wp-json\/wp\/v2\/media?parent=109055"}],"wp:term":[{"taxonomy":"category","embeddable":true,"href":"https:\/\/linitiative.ca\/International\/wp-json\/wp\/v2\/categories?post=109055"},{"taxonomy":"post_tag","embeddable":true,"href":"https:\/\/linitiative.ca\/International\/wp-json\/wp\/v2\/tags?post=109055"}],"curies":[{"name":"wp","href":"https:\/\/api.w.org\/{rel}","templated":true}]}}