{"id":109056,"date":"2021-01-11T05:20:23","date_gmt":"2021-01-11T10:20:23","guid":{"rendered":"https:\/\/linitiative.ca\/International\/kasserine-vers-une-greve-generale-regionale\/"},"modified":"2021-01-11T05:20:23","modified_gmt":"2021-01-11T10:20:23","slug":"kasserine-vers-une-greve-generale-regionale","status":"publish","type":"post","link":"https:\/\/linitiative.ca\/International\/kasserine-vers-une-greve-generale-regionale\/","title":{"rendered":"Kasserine: Vers une gr\u00e8ve g\u00e9n\u00e9rale r\u00e9gionale"},"content":{"rendered":"<p>Dans le gouvernorat de Kasserine, une gr\u00e8ve g\u00e9n\u00e9rale r\u00e9gionale sera observ\u00e9e vers la fin du mois de janvier courant (la date propos\u00e9e est le 26 janvier 2021) et ce \u00e0 l\u2019appel de l\u2019Union r\u00e9gionale du Travail (URT) \u00e0 Kasserine.<br \/>L\u2019objectif de tenir cette gr\u00e8ve est de \u00ab\u00a0d\u00e9fendre les revendications des habitants de la r\u00e9gion qui r\u00e9clament le d\u00e9veloppement, l\u2019emploi et la cr\u00e9ation de projets\u00a0\u00bb ainsi que d\u2019inciter \u00ab\u00a0le gouvernement \u00e0 consacrer une politique \u00e9quitable de d\u00e9veloppement et de partage des richesses\u00a0\u00bb avait soulign\u00e9 le SG de l\u2019URT de Kasserine, Sanki Assoudi.<br \/>Dans une d\u00e9claration \u00e0 l\u2019Agence TAP, il a rappel\u00e9 que la d\u00e9cision d\u2019organiser ce mouvement de protestation a \u00e9t\u00e9 prise lors d\u2019une r\u00e9union, tenue r\u00e9cemment, de la commission administrative r\u00e9gionale de l\u2019Union \u00e0 Kasserine en pr\u00e9sence de repr\u00e9sentants de l\u2019Union g\u00e9n\u00e9rale tunisienne du travail (UGTT).<\/p>\n<div class=\"wp-post-author-wrap wp-post-author-shortcode left\">\n<h3 class=\"awpa-title\"\/>\n<div class=\"wp-post-author\">\n<div class=\"awpa-img awpa-author-block square\"><a href=\"http:\/\/lexpertjournal.net\/fr\/?author=5\"><img loading=\"lazy\" decoding=\"async\" alt=\"\" src=\"http:\/\/0.gravatar.com\/avatar\/97f8e10a1c1125ba104a76514ee07b16?s=150&amp;d=mm&amp;r=g\" srcset=\"http:\/\/0.gravatar.com\/avatar\/97f8e10a1c1125ba104a76514ee07b16?s=300&amp;d=mm&amp;r=g 2x\" class=\"avatar avatar-150 photo\" height=\"150\" width=\"150\"\/><\/a><\/div>\n<\/div>\n<\/div>\n<aside class=\"mashsb-container mashsb-main mashsb-stretched\">\n<\/aside>\n<p>Auteur: L&rsquo;expert<br \/>\n<a href=\"http:\/\/lexpertjournal.net\/fr\/?p=18026\">Cliquez ici pour lire l&rsquo;article depuis sa source.<\/a><\/p>\n","protected":false},"excerpt":{"rendered":"<p>Dans le gouvernorat de Kasserine, une gr\u00e8ve g\u00e9n\u00e9rale r\u00e9gionale sera observ\u00e9e vers la fin du mois de janvier courant (la date propos\u00e9e est le 26 janvier 2021) et ce \u00e0 l\u2019appel de l\u2019Union r\u00e9gionale du Travail (URT) \u00e0 Kasserine.L\u2019objectif de tenir cette gr\u00e8ve est de \u00ab\u00a0d\u00e9fendre les revendications des habitants de la r\u00e9gion qui r\u00e9clament [&hellip;]<\/p>\n","protected":false},"author":1775,"featured_media":0,"comment_status":"closed","ping_status":"closed","sticky":false,"template":"","format":"standard","meta":{"fifu_image_url":"http:\/\/0.gravatar.com\/avatar\/97f8e10a1c1125ba104a76514ee07b16?s=150&d=mm&r=g","fifu_image_alt":"Kasserine: Vers une gr\u00e8ve g\u00e9n\u00e9rale r\u00e9gionale","footnotes":""},"categories":[78,55],"tags":[],"class_list":["post-109056","post","type-post","status-publish","format-standard","hentry","category-economie","category-tunisie"],"_links":{"self":[{"href":"https:\/\/linitiative.ca\/International\/wp-json\/wp\/v2\/posts\/109056","targetHints":{"allow":["GET"]}}],"collection":[{"href":"https:\/\/linitiative.ca\/International\/wp-json\/wp\/v2\/posts"}],"about":[{"href":"https:\/\/linitiative.ca\/International\/wp-json\/wp\/v2\/types\/post"}],"author":[{"embeddable":true,"href":"https:\/\/linitiative.ca\/International\/wp-json\/wp\/v2\/users\/1775"}],"replies":[{"embeddable":true,"href":"https:\/\/linitiative.ca\/International\/wp-json\/wp\/v2\/comments?post=109056"}],"version-history":[{"count":0,"href":"https:\/\/linitiative.ca\/International\/wp-json\/wp\/v2\/posts\/109056\/revisions"}],"wp:attachment":[{"href":"https:\/\/linitiative.ca\/International\/wp-json\/wp\/v2\/media?parent=109056"}],"wp:term":[{"taxonomy":"category","embeddable":true,"href":"https:\/\/linitiative.ca\/International\/wp-json\/wp\/v2\/categories?post=109056"},{"taxonomy":"post_tag","embeddable":true,"href":"https:\/\/linitiative.ca\/International\/wp-json\/wp\/v2\/tags?post=109056"}],"curies":[{"name":"wp","href":"https:\/\/api.w.org\/{rel}","templated":true}]}}