{"id":109057,"date":"2021-01-11T05:23:27","date_gmt":"2021-01-11T10:23:27","guid":{"rendered":"https:\/\/linitiative.ca\/International\/sfax-covid19-report-des-examens-a-lecole-superieure-de-commerce\/"},"modified":"2021-01-11T05:23:27","modified_gmt":"2021-01-11T10:23:27","slug":"sfax-covid19-report-des-examens-a-lecole-superieure-de-commerce","status":"publish","type":"post","link":"https:\/\/linitiative.ca\/International\/sfax-covid19-report-des-examens-a-lecole-superieure-de-commerce\/","title":{"rendered":"Sfax-covid19: Report des examens \u00e0 l\u2019Ecole Sup\u00e9rieure de Commerce"},"content":{"rendered":"<p>La direction de l\u2019Ecole Sup\u00e9rieure de Commerce de Sfax a d\u00e9cid\u00e9 de reporter au 15 janvier courant les examens du 1er semestre de l\u2019ann\u00e9e universitaire 2020\/2021 et ce en raison de la propagation de la pand\u00e9mie du coronavirus.<br \/>Les \u00e9tudiants sont appel\u00e9s \u00e0 suivre le nouveau calendrier des examens publi\u00e9 sur le site de l\u2019\u00e9cole, a pr\u00e9cis\u00e9 la direction de l\u2019ESC de Sfax.<br \/>Rappelons que plusieurs cas de contamination par le covid19 ont \u00e9t\u00e9 enregistr\u00e9s aupr\u00e8s des \u00e9tudiants inscrits \u00e0 l\u2019Ecole Sup\u00e9rieure du Commerce de Sfax.<br \/>A ce propos, la direction de l\u2019Ecole avait publi\u00e9 un communiqu\u00e9 dans lequel elle exhorte les \u00e9tudiants atteints par le coronavirus \u00e0 respecter le confinement obligatoire et \u00e0 informer la direction en envoyant un certificat m\u00e9dical par email.<br \/>A noter que le minist\u00e8re de l\u2019Enseignement sup\u00e9rieur et de la Recherche scientifique avait annonc\u00e9, vendredi 8 janvier 2021, qu\u2019une session d\u2019examens exceptionnelle sera organis\u00e9e pour les \u00e9tudiants contamin\u00e9s par la Covid-19 et qui n\u2019ont pas donc pu passer les examens du premier semestre.<\/p>\n<div class=\"wp-post-author-wrap wp-post-author-shortcode left\">\n<h3 class=\"awpa-title\"\/>\n<div class=\"wp-post-author\">\n<div class=\"awpa-img awpa-author-block square\"><a href=\"http:\/\/lexpertjournal.net\/fr\/?author=5\"><img loading=\"lazy\" decoding=\"async\" alt=\"\" src=\"http:\/\/0.gravatar.com\/avatar\/97f8e10a1c1125ba104a76514ee07b16?s=150&amp;d=mm&amp;r=g\" srcset=\"http:\/\/0.gravatar.com\/avatar\/97f8e10a1c1125ba104a76514ee07b16?s=300&amp;d=mm&amp;r=g 2x\" class=\"avatar avatar-150 photo\" height=\"150\" width=\"150\"\/><\/a><\/div>\n<\/div>\n<\/div>\n<aside class=\"mashsb-container mashsb-main mashsb-stretched\">\n<\/aside>\n<p>Auteur: L&rsquo;expert<br \/>\n<a href=\"http:\/\/lexpertjournal.net\/fr\/?p=18030\">Cliquez ici pour lire l&rsquo;article depuis sa source.<\/a><\/p>\n","protected":false},"excerpt":{"rendered":"<p>La direction de l\u2019Ecole Sup\u00e9rieure de Commerce de Sfax a d\u00e9cid\u00e9 de reporter au 15 janvier courant les examens du 1er semestre de l\u2019ann\u00e9e universitaire 2020\/2021 et ce en raison de la propagation de la pand\u00e9mie du coronavirus.Les \u00e9tudiants sont appel\u00e9s \u00e0 suivre le nouveau calendrier des examens publi\u00e9 sur le site de l\u2019\u00e9cole, a [&hellip;]<\/p>\n","protected":false},"author":1775,"featured_media":0,"comment_status":"closed","ping_status":"closed","sticky":false,"template":"","format":"standard","meta":{"fifu_image_url":"http:\/\/0.gravatar.com\/avatar\/97f8e10a1c1125ba104a76514ee07b16?s=150&d=mm&r=g","fifu_image_alt":"Sfax-covid19: Report des examens \u00e0 l\u2019Ecole Sup\u00e9rieure de Commerce","footnotes":""},"categories":[78,55],"tags":[],"class_list":["post-109057","post","type-post","status-publish","format-standard","hentry","category-economie","category-tunisie"],"_links":{"self":[{"href":"https:\/\/linitiative.ca\/International\/wp-json\/wp\/v2\/posts\/109057","targetHints":{"allow":["GET"]}}],"collection":[{"href":"https:\/\/linitiative.ca\/International\/wp-json\/wp\/v2\/posts"}],"about":[{"href":"https:\/\/linitiative.ca\/International\/wp-json\/wp\/v2\/types\/post"}],"author":[{"embeddable":true,"href":"https:\/\/linitiative.ca\/International\/wp-json\/wp\/v2\/users\/1775"}],"replies":[{"embeddable":true,"href":"https:\/\/linitiative.ca\/International\/wp-json\/wp\/v2\/comments?post=109057"}],"version-history":[{"count":0,"href":"https:\/\/linitiative.ca\/International\/wp-json\/wp\/v2\/posts\/109057\/revisions"}],"wp:attachment":[{"href":"https:\/\/linitiative.ca\/International\/wp-json\/wp\/v2\/media?parent=109057"}],"wp:term":[{"taxonomy":"category","embeddable":true,"href":"https:\/\/linitiative.ca\/International\/wp-json\/wp\/v2\/categories?post=109057"},{"taxonomy":"post_tag","embeddable":true,"href":"https:\/\/linitiative.ca\/International\/wp-json\/wp\/v2\/tags?post=109057"}],"curies":[{"name":"wp","href":"https:\/\/api.w.org\/{rel}","templated":true}]}}