{"id":109058,"date":"2021-01-11T05:25:59","date_gmt":"2021-01-11T10:25:59","guid":{"rendered":"https:\/\/linitiative.ca\/International\/ouverture-en-mars-prochain-de-la-cite-de-lenfance-a-mhamdiya\/"},"modified":"2021-01-11T05:25:59","modified_gmt":"2021-01-11T10:25:59","slug":"ouverture-en-mars-prochain-de-la-cite-de-lenfance-a-mhamdiya","status":"publish","type":"post","link":"https:\/\/linitiative.ca\/International\/ouverture-en-mars-prochain-de-la-cite-de-lenfance-a-mhamdiya\/","title":{"rendered":"Ouverture en mars prochain de la cit\u00e9 de l\u2019enfance \u00e0 M\u2019hamdiya"},"content":{"rendered":"<p>Les travaux de construction d\u2019une cit\u00e9 de l\u2019enfance, la premi\u00e8re du genre en Tunisie, dans le cadre d\u2019un projet visant la cr\u00e9ation d\u2019un jardin d\u2019enfants pilote et des espaces pour l\u2019encadrement des parents dans le domaine de l\u2019\u00e9ducation parentale, d\u00e9marreront, la semaine prochaine, a annonc\u00e9, dimanche, le pr\u00e9sident de la municipalit\u00e9 de M\u2019hamdiya, Ahmed Ilmi.<\/p>\n<div class=\"td-a-ad id_inline_ad0 id_ad_content-horiz-center\">\n<div class=\"td_block_wrap tdb_single_content tdi_30_1f7 td-pb-border-top td_block_template_1 td-post-content tagdiv-type tdb-block-inner td-fix-index\" data-td-block-uid=\"tdi_30_1f7\">\n<p>Dans une d\u00e9claration \u00e0 la TAP, Ilmi a ajout\u00e9 que le projet permettra de transformer le village artisanal situ\u00e9 dans le quartier Hached et devenu un lieu fr\u00e9quent\u00e9 par des d\u00e9linquants, en une cit\u00e9 de l\u2019enfance, faisant savoir que la fin des travaux d\u2019am\u00e9nagement du projet est pr\u00e9vue en mars prochain moyennant un financement de 500 mille dinars attribu\u00e9 par l\u2019Union tunisienne de solidarit\u00e9 sociale, en coop\u00e9ration avec le Fonds des Nations Unies pour l\u2019enfance (UNICEF).<\/p>\n<p>Le projet consiste en le r\u00e9am\u00e9nagement des boutiques du village artisanal et la construction d\u2019une cl\u00f4ture pour prot\u00e9ger la cit\u00e9 de l\u2019enfance qui vise \u00e0 fournir aux enfants de cette r\u00e9gion qui compte plus de 100 mille habitants la protection et l\u2019encadrement n\u00e9cessaire.<\/p>\n<\/div>\n<\/div>\n<div class=\"wp-post-author-wrap wp-post-author-shortcode left\">\n<h3 class=\"awpa-title\"\/>\n<div class=\"wp-post-author\">\n<div class=\"awpa-img awpa-author-block square\"><a href=\"http:\/\/lexpertjournal.net\/fr\/?author=5\"><img loading=\"lazy\" decoding=\"async\" alt=\"\" src=\"http:\/\/0.gravatar.com\/avatar\/97f8e10a1c1125ba104a76514ee07b16?s=150&amp;d=mm&amp;r=g\" srcset=\"http:\/\/0.gravatar.com\/avatar\/97f8e10a1c1125ba104a76514ee07b16?s=300&amp;d=mm&amp;r=g 2x\" class=\"avatar avatar-150 photo\" height=\"150\" width=\"150\"\/><\/a><\/div>\n<\/div>\n<\/div>\n<aside class=\"mashsb-container mashsb-main mashsb-stretched\">\n<\/aside>\n<p>Auteur: L&rsquo;expert<br \/>\n<a href=\"http:\/\/lexpertjournal.net\/fr\/?p=18033\">Cliquez ici pour lire l&rsquo;article depuis sa source.<\/a><\/p>\n","protected":false},"excerpt":{"rendered":"<p>Les travaux de construction d\u2019une cit\u00e9 de l\u2019enfance, la premi\u00e8re du genre en Tunisie, dans le cadre d\u2019un projet visant la cr\u00e9ation d\u2019un jardin d\u2019enfants pilote et des espaces pour l\u2019encadrement des parents dans le domaine de l\u2019\u00e9ducation parentale, d\u00e9marreront, la semaine prochaine, a annonc\u00e9, dimanche, le pr\u00e9sident de la municipalit\u00e9 de M\u2019hamdiya, Ahmed Ilmi. [&hellip;]<\/p>\n","protected":false},"author":1775,"featured_media":0,"comment_status":"closed","ping_status":"closed","sticky":false,"template":"","format":"standard","meta":{"fifu_image_url":"http:\/\/0.gravatar.com\/avatar\/97f8e10a1c1125ba104a76514ee07b16?s=150&d=mm&r=g","fifu_image_alt":"Ouverture en mars prochain de la cit\u00e9 de l\u2019enfance \u00e0 M\u2019hamdiya","footnotes":""},"categories":[78,55],"tags":[],"class_list":["post-109058","post","type-post","status-publish","format-standard","hentry","category-economie","category-tunisie"],"_links":{"self":[{"href":"https:\/\/linitiative.ca\/International\/wp-json\/wp\/v2\/posts\/109058","targetHints":{"allow":["GET"]}}],"collection":[{"href":"https:\/\/linitiative.ca\/International\/wp-json\/wp\/v2\/posts"}],"about":[{"href":"https:\/\/linitiative.ca\/International\/wp-json\/wp\/v2\/types\/post"}],"author":[{"embeddable":true,"href":"https:\/\/linitiative.ca\/International\/wp-json\/wp\/v2\/users\/1775"}],"replies":[{"embeddable":true,"href":"https:\/\/linitiative.ca\/International\/wp-json\/wp\/v2\/comments?post=109058"}],"version-history":[{"count":0,"href":"https:\/\/linitiative.ca\/International\/wp-json\/wp\/v2\/posts\/109058\/revisions"}],"wp:attachment":[{"href":"https:\/\/linitiative.ca\/International\/wp-json\/wp\/v2\/media?parent=109058"}],"wp:term":[{"taxonomy":"category","embeddable":true,"href":"https:\/\/linitiative.ca\/International\/wp-json\/wp\/v2\/categories?post=109058"},{"taxonomy":"post_tag","embeddable":true,"href":"https:\/\/linitiative.ca\/International\/wp-json\/wp\/v2\/tags?post=109058"}],"curies":[{"name":"wp","href":"https:\/\/api.w.org\/{rel}","templated":true}]}}