{"id":109059,"date":"2021-01-11T07:58:09","date_gmt":"2021-01-11T12:58:09","guid":{"rendered":"https:\/\/linitiative.ca\/International\/examen-des-derniers-preparatifs-techniques-avant-le-depot-a-la-fin-de-ce-mois-du-dossier-dinscription-de-lile-de-djerba-sur-la-liste-du-patrimoine-mondial-de-lunesco\/"},"modified":"2021-01-11T07:58:09","modified_gmt":"2021-01-11T12:58:09","slug":"examen-des-derniers-preparatifs-techniques-avant-le-depot-a-la-fin-de-ce-mois-du-dossier-dinscription-de-lile-de-djerba-sur-la-liste-du-patrimoine-mondial-de-lunesco","status":"publish","type":"post","link":"https:\/\/linitiative.ca\/International\/examen-des-derniers-preparatifs-techniques-avant-le-depot-a-la-fin-de-ce-mois-du-dossier-dinscription-de-lile-de-djerba-sur-la-liste-du-patrimoine-mondial-de-lunesco\/","title":{"rendered":"Examen des derniers pr\u00e9paratifs techniques avant le d\u00e9p\u00f4t \u00e0 la fin de ce mois du dossier d\u2019inscription de l\u2019Ile de Djerba sur la liste du patrimoine mondial de l\u2019Unesco"},"content":{"rendered":"<p>Le ministre des affaires culturelles par int\u00e9rim Habib Ammar a pr\u00e9sid\u00e9 lundi matin une s\u00e9ance de travail consacr\u00e9e \u00e0 l\u2019examen des derniers pr\u00e9paratifs concernant le dossier d\u2019inscription de l\u2019Ile de Djerba sur la liste du patrimoine mondial de l\u2019Unesco.<br \/>Cette s\u00e9ance s\u2019est d\u00e9roul\u00e9e notamment en pr\u00e9sence du chef du cabinet Youssef Ben Brahim, de la directrice g\u00e9n\u00e9rale de l\u2019Agence de mise en valeur du patrimoine et de la promotion culturelle (AMVPPC) Amel Hachena, du directeur de l\u2019Institut national du patrimoine (INP) Faouzi Mahfoudh, de la pr\u00e9sidente de l\u2019association de sauvegarde (ASM) de Djerba Khaoula Kadhi et du coordinateur g\u00e9n\u00e9ral du dossier de candidature Mongi Borgou.<br \/>Selon un communiqu\u00e9 de presse du minist\u00e8re des affaires culturelles, la s\u00e9ance a \u00e9t\u00e9 une occasion pour pr\u00e9senter les derniers pr\u00e9paratifs techniques avant le d\u00e9p\u00f4t de dossier d\u2019inscription \u00e0 la fin de ce mois de janvier 2021.<br \/>Dans ce contexte, Habib Ammar a soulign\u00e9 l\u2019importance d\u2019intensifier les efforts entre le minist\u00e8re de tutelle et la soci\u00e9t\u00e9 civile afin de r\u00e9ussir cette action \u00e0 laquelle ont pris part les diff\u00e9rentes structures gouvernementales et les composantes de la soci\u00e9t\u00e9 civile , laquelle vise \u00e0 faire connaitre la Tunisie sur les plans touristique et culturel et \u00e0 renforcer sa pr\u00e9sence \u00e0 l\u2019\u00e9chelle internationale.<\/p>\n<div class=\"wp-post-author-wrap wp-post-author-shortcode left\">\n<h3 class=\"awpa-title\"\/>\n<div class=\"wp-post-author\">\n<div class=\"awpa-img awpa-author-block square\"><a href=\"http:\/\/lexpertjournal.net\/fr\/?author=5\"><img loading=\"lazy\" decoding=\"async\" alt=\"\" src=\"http:\/\/0.gravatar.com\/avatar\/97f8e10a1c1125ba104a76514ee07b16?s=150&amp;d=mm&amp;r=g\" srcset=\"http:\/\/0.gravatar.com\/avatar\/97f8e10a1c1125ba104a76514ee07b16?s=300&amp;d=mm&amp;r=g 2x\" class=\"avatar avatar-150 photo\" height=\"150\" width=\"150\"\/><\/a><\/div>\n<\/div>\n<\/div>\n<aside class=\"mashsb-container mashsb-main mashsb-stretched\">\n<\/aside>\n<p>Auteur: L&rsquo;expert<br \/>\n<a href=\"http:\/\/lexpertjournal.net\/fr\/?p=18036\">Cliquez ici pour lire l&rsquo;article depuis sa source.<\/a><\/p>\n","protected":false},"excerpt":{"rendered":"<p>Le ministre des affaires culturelles par int\u00e9rim Habib Ammar a pr\u00e9sid\u00e9 lundi matin une s\u00e9ance de travail consacr\u00e9e \u00e0 l\u2019examen des derniers pr\u00e9paratifs concernant le dossier d\u2019inscription de l\u2019Ile de Djerba sur la liste du patrimoine mondial de l\u2019Unesco.Cette s\u00e9ance s\u2019est d\u00e9roul\u00e9e notamment en pr\u00e9sence du chef du cabinet Youssef Ben Brahim, de la directrice [&hellip;]<\/p>\n","protected":false},"author":1775,"featured_media":0,"comment_status":"closed","ping_status":"closed","sticky":false,"template":"","format":"standard","meta":{"fifu_image_url":"http:\/\/0.gravatar.com\/avatar\/97f8e10a1c1125ba104a76514ee07b16?s=150&d=mm&r=g","fifu_image_alt":"Examen des derniers pr\u00e9paratifs techniques avant le d\u00e9p\u00f4t \u00e0 la fin de ce mois du dossier d\u2019inscription de l\u2019Ile de Djerba sur la liste du patrimoine mondial de l\u2019Unesco","footnotes":""},"categories":[78,55],"tags":[],"class_list":["post-109059","post","type-post","status-publish","format-standard","hentry","category-economie","category-tunisie"],"_links":{"self":[{"href":"https:\/\/linitiative.ca\/International\/wp-json\/wp\/v2\/posts\/109059","targetHints":{"allow":["GET"]}}],"collection":[{"href":"https:\/\/linitiative.ca\/International\/wp-json\/wp\/v2\/posts"}],"about":[{"href":"https:\/\/linitiative.ca\/International\/wp-json\/wp\/v2\/types\/post"}],"author":[{"embeddable":true,"href":"https:\/\/linitiative.ca\/International\/wp-json\/wp\/v2\/users\/1775"}],"replies":[{"embeddable":true,"href":"https:\/\/linitiative.ca\/International\/wp-json\/wp\/v2\/comments?post=109059"}],"version-history":[{"count":0,"href":"https:\/\/linitiative.ca\/International\/wp-json\/wp\/v2\/posts\/109059\/revisions"}],"wp:attachment":[{"href":"https:\/\/linitiative.ca\/International\/wp-json\/wp\/v2\/media?parent=109059"}],"wp:term":[{"taxonomy":"category","embeddable":true,"href":"https:\/\/linitiative.ca\/International\/wp-json\/wp\/v2\/categories?post=109059"},{"taxonomy":"post_tag","embeddable":true,"href":"https:\/\/linitiative.ca\/International\/wp-json\/wp\/v2\/tags?post=109059"}],"curies":[{"name":"wp","href":"https:\/\/api.w.org\/{rel}","templated":true}]}}