{"id":109060,"date":"2021-01-11T08:23:18","date_gmt":"2021-01-11T13:23:18","guid":{"rendered":"https:\/\/linitiative.ca\/International\/laffaire-de-la-concession-de-lacropolium-de-carthage-suscite-des-reactions\/"},"modified":"2021-01-11T08:23:18","modified_gmt":"2021-01-11T13:23:18","slug":"laffaire-de-la-concession-de-lacropolium-de-carthage-suscite-des-reactions","status":"publish","type":"post","link":"https:\/\/linitiative.ca\/International\/laffaire-de-la-concession-de-lacropolium-de-carthage-suscite-des-reactions\/","title":{"rendered":"L\u2019affaire de la concession de l\u2019Acropolium de Carthage suscite des r\u00e9actions"},"content":{"rendered":"<h2 class=\"news_item_view_plain_text\">La pol\u00e9mique enfle autour de la fin de la concession de l\u2019ancienne cath\u00e9drale de Carthage et sa fermeture. Elle oppose le minist\u00e8re de la Culture \u00e0 l\u2019espace culturel de Carthage. A cet \u00e9gard, l\u2019Agence de mise en valeur du patrimoine et de la promotion culturelle (AMVPPC) pr\u00e9cise que cette concession a \u00e9t\u00e9 effectu\u00e9e en vertu d\u2019une convention en date du 9\/10\/1992.<\/h2>\n<p class=\"news_item_view_plain_text\">Ainsi, elle publiait un communiqu\u00e9 dimanche; et ce, suite aux informations qui circulent sur les r\u00e9seaux sociaux au sujet du litige (depuis 2009). De ce fait, ladite concession entrait en vigueur le 26\/10\/1996 pour une dur\u00e9e de dix ans. Puis, un renouvellement pour une dur\u00e9e de trois ans \u00e0 la demande du promoteur et avec l\u2019accord du minist\u00e8re avait lieu.<\/p>\n<p class=\"news_item_view_plain_text\">Apr\u00e8s le parach\u00e8vement des d\u00e9lais fix\u00e9s, pr\u00e9cise la m\u00eame source, le promoteur (Mustapha Okbi) refusait de quitter les lieux \u00e0 l\u2019amiable. Ce qui poussait l\u2019AMVPPC \u00e0 ester en justice. La justice donnant alors gain de cause le 29\/11\/ 2019 au minist\u00e8re des Affaires culturelles. En ordonnant au promoteur de quitter les lieux pour fin de concession.<\/p>\n<p class=\"news_item_view_plain_text\">En outre, le communiqu\u00e9 pr\u00e9cise qu\u2019un accord de conciliation \u00e9tait sign\u00e9 le 26\/08\/2020. En vertu duquel le promoteur devrait payer ses dettes selon des tranches avant de quitter les lieux le 31\/12\/2020. Et ce, pour lui permettre de payer ses dettes cumul\u00e9es dans des conditions assez raisonnables.<\/p>\n<p class=\"news_item_view_plain_text\">Par ailleurs, selon le communiqu\u00e9, Mustapha Okbi n\u2019a pas respect\u00e9 cet accord. Et il n\u2019a pas pay\u00e9 la troisi\u00e8me tranche (15 novembre 2020); en d\u00e9pit du d\u00e9lai de gr\u00e2ce qui lui \u00e9tait octroy\u00e9.<\/p>\n<p class=\"news_item_view_plain_text\">Durant cette p\u00e9riode, l\u2019AMVPPC a inform\u00e9 avoir demand\u00e9 une autorisation pour d\u00e9p\u00eacher une \u00e9quipe de trois experts. Et ce, pour inspecter l\u2019\u00e9tat des lieux qui s\u2019est av\u00e9r\u00e9 \u00ab\u00a0d\u00e9grad\u00e9\u00a0\u00bb. De m\u00eame que pour pouvoir effecteur les travaux de restauration n\u00e9cessaires, en coordination avec l\u2019Institut National du Patrimoine (INP); \u00e0 la lumi\u00e8re du rapport des notaires, ainsi que des experts de l\u2019INP et de l\u2019AMVPPC.<\/p>\n<p class=\"news_item_view_plain_text\">Apr\u00e8s cette \u00e9tape, l\u2019agence a pr\u00e9cis\u00e9 qu\u2019elle va lancer un appel d\u2019offres. Et ce, pour une exploitation dans le cadre d\u2019une nouvelle concession et selon un nouveau cahier de charges. Lesquels garantiront la pr\u00e9servation du monument et le respect des engagements financiers. Cet appel d\u2019offres est ouvert \u00e0 tous les investisseurs et porteurs de projets culturel dont Mustapha Okbi.<\/p>\n<p class=\"news_item_view_plain_text\">Cet appel d\u2019offres, pr\u00e9cise l\u2019AMVPPC sera lanc\u00e9 apr\u00e8s le parach\u00e8vement des travaux de restauration. Et ce, dans le cadre de la mise en \u0153uvre de la strat\u00e9gie du minist\u00e8re des Affaires culturelles, en mati\u00e8re de partenariat secteur public\/priv\u00e9. Selon la m\u00eame source, les travaux de restauration et la pr\u00e9paration du nouveau cahier des charges seront entrepris durant cette ann\u00e9e. Outre cette affaire de concession, explique le communiqu\u00e9, le monument n\u00e9cessite une intervention urgente de restauration. Etant donn\u00e9 qu\u2019il a subi des \u00ab\u00a0travaux arbitraires sans consulter l\u2019INP ni \u00e0 l\u2019AMVPPC. Et qu\u2019il n\u2019a pas connu durant des ann\u00e9es des travaux de maintenance comme le stipule la convention r\u00e9gissant la concession\u00a0\u00bb.<\/p>\n<p class=\"news_item_view_plain_text\">Il est \u00e0 noter qu\u2019une p\u00e9tition, \u00ab\u00a0Plaidoyer pour l\u2019Acropolium\u00a0\u00bb, men\u00e9e par un collectif de soutien, notamment par l\u2019association des amis de Carthage, circule sur les r\u00e9seaux sociaux. Selon cette p\u00e9tition, \u00ab\u00a0des employ\u00e9s du minist\u00e8re des Affaires culturelles accompagn\u00e9s par des huissiers et de la force publique ont renvoy\u00e9 Mustapha Okbi, animateur des lieux depuis un quart de si\u00e8cle. Ils lui ont pris ses cl\u00e9s et ont plac\u00e9 l\u2019\u00e9difice sous s\u00e9questre, jetant \u00e0 la rue 15 travailleurs\u00a0\u00bb. Et d\u2019ajouter: \u00ab\u00a0Voila comment, sous des pr\u00e9textes fallacieux, on \u00e9crase la Culture.\u00a0\u00bb<\/p>\n<p class=\"news_item_view_plain_text\">Depuis quelques mois Mustapha Okbi avait adress\u00e9 une lettre ouverte au ministre des Affaires culturelles. Elle d\u00e9non\u00e7ait les \u00ab\u00a0tenants et les aboutissants de la fermeture de l\u2019Acropolium de Carthage\u00a0\u00bb. Il y avan\u00e7ait qu\u2019en ce qui concerne le r\u00e8glement des redevances cumul\u00e9es depuis le d\u00e9but du litige en 2009, ce sont \u00ab\u00a0les services du\u00a0<a href=\"https:\/\/www.facebook.com\/M.AFFAIRES.CULTURELLES\">minist\u00e8re<\/a>\u00a0qui rejetaient le paiement annuel qui leur \u00e9tait adress\u00e9 \u00e0 chaque \u00e9ch\u00e9ance\u00a0\u00bb, suivant l\u2019ultimatum qui lui a \u00e9t\u00e9 accord\u00e9.<\/p>\n<h2>Cet ultimatum d\u00e9guis\u00e9<\/h2>\n<p class=\"news_item_view_plain_text\">\u00ab\u00a0Cet ultimatum d\u00e9guis\u00e9\u00a0\u00bb, selon ses dires \u00ab\u00a0aura pour cons\u00e9quence, et particuli\u00e8rement en cette p\u00e9riode de crise, la faillite de l\u2019entreprise fondatrice. Mais aussi, la perte des emplois directs et indirects, la cessation des activit\u00e9s qui animent la r\u00e9gion de Carthage-Sidi Bou Sa\u00efd. Et, \u00e9videmment, le retour \u00e0 l\u2019\u00e9tat de ruine, sinon \u00e0 la disparition totale de l\u2019ancienne cath\u00e9drale de Carthage\u00a0\u00bb.<\/p>\n<p class=\"news_item_view_plain_text\">Le promoteur a avanc\u00e9 que la fermeture de l\u2019Acropolium s\u2019inscrit dans le cadre d\u2019un \u00ab\u00a0large programme dont on ne conna\u00eet que l\u2019ambition de diversifier l\u2019offre touristique tunisienne. En cr\u00e9ant des synergies entre les secteurs du tourisme, de l\u2019artisanat, de produits du terroir et du patrimoine culturel\u00a0\u00bb.<\/p>\n<p class=\"news_item_view_plain_text\">Dans ce contexte il a estim\u00e9 dans cette lettre ouverte que cette affaire r\u00e9pond aux attentes \u00ab\u00a0d\u2019un comit\u00e9 de pilotage d\u2019un projet r\u00e9pondant au nom de\u00a0<em>Tounes Wejhatouna<\/em>\u00a0qui a pour objectif, entre autres le r\u00e9am\u00e9nagement et la mise en valeur du mus\u00e9e de Carthage et des zones environnantes. O\u00f9 l\u2019Acropolium occupe de plein droit depuis 30 ans un monument remarquable\u00a0\u00bb. Ce comit\u00e9 est compos\u00e9 \u00ab\u00a0de plusieurs minist\u00e8res et du principal bailleur de fonds, l\u2019Union europ\u00e9enne, second\u00e9e par un coordinateur entre les diff\u00e9rentes parties, la soci\u00e9t\u00e9 Expertise France\u00a0\u00bb, a-t-il \u00e9crit.<\/p>\n<p class=\"news_item_view_plain_text\">Baptis\u00e9e l\u2019Acropolium en 1993,\u00a0<a href=\"http:\/\/www.leconomistemaghrebin.com\/2020\/04\/21\/tresors-patrimoine-tunisien-acces-libre-bibliotheque-numerique-mondiale\/\">l\u2019ancienne Cath\u00e9drale Saint Louis<\/a>, \u00e9tait c\u00e9d\u00e9e \u00e0 l\u2019Etat tunisien en 1974. Elle a \u00e9t\u00e9 construite entre 1840 et 1845 \u00e0 Carthage. Et ce, suite \u00e0 une donation d\u2019un terrain au Roi de France par le Bey de Tunis, en 1830.<\/p>\n<p class=\"news_item_view_plain_text\">Apr\u00e8s plusieurs ann\u00e9es d\u2019abandon, l\u2019\u00e9difice surplombant la colline de Byrsa et dont le style est influenc\u00e9 par l\u2019architecture byzantino-mauresque a \u00e9t\u00e9 prise en concession par le promoteur Mustapha El Okbi. Il en a fait un espace culturel et artistique dans la banlieue nord de Tunis, attirant de nombreux artistes, visiteurs, passionn\u00e9s et fid\u00e8les. Notamment avec la manifestation annuelle de \u00ab\u00a0L\u2019Octobre musical de Carthage\u00a0\u00bb.<\/p>\n<p><strong>Avec TAP<\/strong><\/p>\n<div class=\"wp-post-author-wrap wp-post-author-shortcode left\">\n<h3 class=\"awpa-title\"\/>\n<div class=\"wp-post-author\">\n<div class=\"awpa-img awpa-author-block square\"><a href=\"http:\/\/lexpertjournal.net\/fr\/?author=5\"><img loading=\"lazy\" decoding=\"async\" alt=\"\" src=\"http:\/\/0.gravatar.com\/avatar\/97f8e10a1c1125ba104a76514ee07b16?s=150&amp;d=mm&amp;r=g\" srcset=\"http:\/\/0.gravatar.com\/avatar\/97f8e10a1c1125ba104a76514ee07b16?s=300&amp;d=mm&amp;r=g 2x\" class=\"avatar avatar-150 photo\" height=\"150\" width=\"150\"\/><\/a><\/div>\n<\/div>\n<\/div>\n<aside class=\"mashsb-container mashsb-main mashsb-stretched\">\n<\/aside>\n<p>Auteur: L&rsquo;expert<br \/>\n<a href=\"http:\/\/lexpertjournal.net\/fr\/?p=18041\">Cliquez ici pour lire l&rsquo;article depuis sa source.<\/a><\/p>\n","protected":false},"excerpt":{"rendered":"<p>La pol\u00e9mique enfle autour de la fin de la concession de l\u2019ancienne cath\u00e9drale de Carthage et sa fermeture. Elle oppose le minist\u00e8re de la Culture \u00e0 l\u2019espace culturel de Carthage. A cet \u00e9gard, l\u2019Agence de mise en valeur du patrimoine et de la promotion culturelle (AMVPPC) pr\u00e9cise que cette concession a \u00e9t\u00e9 effectu\u00e9e en vertu [&hellip;]<\/p>\n","protected":false},"author":1775,"featured_media":0,"comment_status":"closed","ping_status":"closed","sticky":false,"template":"","format":"standard","meta":{"fifu_image_url":"http:\/\/0.gravatar.com\/avatar\/97f8e10a1c1125ba104a76514ee07b16?s=150&d=mm&r=g","fifu_image_alt":"L\u2019affaire de la concession de l\u2019Acropolium de Carthage suscite des r\u00e9actions","footnotes":""},"categories":[78,55],"tags":[],"class_list":["post-109060","post","type-post","status-publish","format-standard","hentry","category-economie","category-tunisie"],"_links":{"self":[{"href":"https:\/\/linitiative.ca\/International\/wp-json\/wp\/v2\/posts\/109060","targetHints":{"allow":["GET"]}}],"collection":[{"href":"https:\/\/linitiative.ca\/International\/wp-json\/wp\/v2\/posts"}],"about":[{"href":"https:\/\/linitiative.ca\/International\/wp-json\/wp\/v2\/types\/post"}],"author":[{"embeddable":true,"href":"https:\/\/linitiative.ca\/International\/wp-json\/wp\/v2\/users\/1775"}],"replies":[{"embeddable":true,"href":"https:\/\/linitiative.ca\/International\/wp-json\/wp\/v2\/comments?post=109060"}],"version-history":[{"count":0,"href":"https:\/\/linitiative.ca\/International\/wp-json\/wp\/v2\/posts\/109060\/revisions"}],"wp:attachment":[{"href":"https:\/\/linitiative.ca\/International\/wp-json\/wp\/v2\/media?parent=109060"}],"wp:term":[{"taxonomy":"category","embeddable":true,"href":"https:\/\/linitiative.ca\/International\/wp-json\/wp\/v2\/categories?post=109060"},{"taxonomy":"post_tag","embeddable":true,"href":"https:\/\/linitiative.ca\/International\/wp-json\/wp\/v2\/tags?post=109060"}],"curies":[{"name":"wp","href":"https:\/\/api.w.org\/{rel}","templated":true}]}}