{"id":109062,"date":"2021-01-11T04:30:00","date_gmt":"2021-01-11T09:30:00","guid":{"rendered":"https:\/\/linitiative.ca\/International\/tension-sur-le-lait-en-sachet-a-tipasa\/"},"modified":"2021-01-11T04:30:00","modified_gmt":"2021-01-11T09:30:00","slug":"tension-sur-le-lait-en-sachet-a-tipasa","status":"publish","type":"post","link":"https:\/\/linitiative.ca\/International\/tension-sur-le-lait-en-sachet-a-tipasa\/","title":{"rendered":"Tension sur le lait en sachet \u00e0 Tipasa"},"content":{"rendered":"<div id=\"originalText\" readability=\"46\">\n<p>Encore une fois, la p\u00e9nurie de lait en sachet fait parler d\u2019elle dans la wilaya de Tipasa, o\u00f9 les consommateurs sont contraints de subir chaque matin de longues et interminables cha\u00eenes pour se procurer cette denr\u00e9e de base.<\/p>\n<p>C\u2019est\u00a0ce\u00a0qu\u2019a\u00a0indiqu\u00e9\u00a0le\u00a0bureau\u00a0de\u00a0la\u00a0wilaya\u00a0de\u00a0Tipasa\u00a0de\u00a0l\u2019Association alg\u00e9rienne\u00a0 de\u00a0 protection\u00a0 et\u00a0 d\u2019orientation\u00a0 du\u00a0 consommateur\u00a0 et\u00a0 de\u00a0 son environnement (Apoce), affirmant que malgr\u00e9 l\u2019ouverture d\u2019un nouveau point de vente de Giplait \u00e0 Kol\u00e9a, les citoyens font encore, chaque matin, de longues files d\u2019attente pour acheter un sachet de lait et ce, au d\u00e9triment des gestes barri\u00e8res.\u00a0<\/p>\n<\/div>\n<div id=\"text_core\" readability=\"46\">\n<p>Encore une fois, la p\u00e9nurie de lait en sachet fait parler d\u2019elle dans la wilaya de Tipasa, o\u00f9 les consommateurs sont contraints de subir chaque matin de longues et interminables cha\u00eenes pour se procurer cette denr\u00e9e de base.<\/p>\n<p>C\u2019est\u00a0ce\u00a0qu\u2019a\u00a0indiqu\u00e9\u00a0le\u00a0bureau\u00a0de\u00a0la\u00a0wilaya\u00a0de\u00a0Tipasa\u00a0de\u00a0l\u2019Association alg\u00e9rienne\u00a0 de\u00a0 protection\u00a0 et\u00a0 d\u2019orientation\u00a0 du\u00a0 consommateur\u00a0 et\u00a0 de\u00a0 son environnement (Apoce), affirmant que malgr\u00e9 l\u2019ouverture d\u2019un nouveau point de vente de Giplait \u00e0 Kol\u00e9a, les citoyens font encore, chaque matin, de longues files d\u2019attente pour acheter un sachet de lait et ce, au d\u00e9triment des gestes barri\u00e8res.\u00a0<\/p>\n<\/div>\n<p>Auteur:<br \/>\n<a href=\"https:\/\/www.liberte-algerie.com\/radar\/tension-sur-le-lait-en-sachet-a-tipasa-352195\">Cliquez ici pour lire l&rsquo;article depuis sa source.<\/a><\/p>\n","protected":false},"excerpt":{"rendered":"<p>Encore une fois, la p\u00e9nurie de lait en sachet fait parler d\u2019elle dans la wilaya de Tipasa, o\u00f9 les consommateurs sont contraints de subir chaque matin de longues et interminables cha\u00eenes pour se procurer cette denr\u00e9e de base. C\u2019est\u00a0ce\u00a0qu\u2019a\u00a0indiqu\u00e9\u00a0le\u00a0bureau\u00a0de\u00a0la\u00a0wilaya\u00a0de\u00a0Tipasa\u00a0de\u00a0l\u2019Association alg\u00e9rienne\u00a0 de\u00a0 protection\u00a0 et\u00a0 d\u2019orientation\u00a0 du\u00a0 consommateur\u00a0 et\u00a0 de\u00a0 son environnement (Apoce), affirmant que malgr\u00e9 l\u2019ouverture [&hellip;]<\/p>\n","protected":false},"author":1742,"featured_media":0,"comment_status":"closed","ping_status":"closed","sticky":false,"template":"","format":"standard","meta":{"fifu_image_url":"","fifu_image_alt":"","footnotes":""},"categories":[73,53],"tags":[],"class_list":["post-109062","post","type-post","status-publish","format-standard","hentry","category-actualite","category-algerie"],"_links":{"self":[{"href":"https:\/\/linitiative.ca\/International\/wp-json\/wp\/v2\/posts\/109062","targetHints":{"allow":["GET"]}}],"collection":[{"href":"https:\/\/linitiative.ca\/International\/wp-json\/wp\/v2\/posts"}],"about":[{"href":"https:\/\/linitiative.ca\/International\/wp-json\/wp\/v2\/types\/post"}],"author":[{"embeddable":true,"href":"https:\/\/linitiative.ca\/International\/wp-json\/wp\/v2\/users\/1742"}],"replies":[{"embeddable":true,"href":"https:\/\/linitiative.ca\/International\/wp-json\/wp\/v2\/comments?post=109062"}],"version-history":[{"count":0,"href":"https:\/\/linitiative.ca\/International\/wp-json\/wp\/v2\/posts\/109062\/revisions"}],"wp:attachment":[{"href":"https:\/\/linitiative.ca\/International\/wp-json\/wp\/v2\/media?parent=109062"}],"wp:term":[{"taxonomy":"category","embeddable":true,"href":"https:\/\/linitiative.ca\/International\/wp-json\/wp\/v2\/categories?post=109062"},{"taxonomy":"post_tag","embeddable":true,"href":"https:\/\/linitiative.ca\/International\/wp-json\/wp\/v2\/tags?post=109062"}],"curies":[{"name":"wp","href":"https:\/\/api.w.org\/{rel}","templated":true}]}}