{"id":109067,"date":"2021-01-11T10:25:35","date_gmt":"2021-01-11T15:25:35","guid":{"rendered":"https:\/\/linitiative.ca\/International\/laayoune-dakhla-la-visite-us-illustre-la-position-americaine-serieuse\/"},"modified":"2021-01-11T10:25:35","modified_gmt":"2021-01-11T15:25:35","slug":"laayoune-dakhla-la-visite-us-illustre-la-position-americaine-serieuse","status":"publish","type":"post","link":"https:\/\/linitiative.ca\/International\/laayoune-dakhla-la-visite-us-illustre-la-position-americaine-serieuse\/","title":{"rendered":"La\u00e2youne\/Dakhla: La visite US illustre la position am\u00e9ricaine s\u00e9rieuse"},"content":{"rendered":"<div readability=\"37\">\n<p>Marrakech \u2013 La visite d\u2019une d\u00e9l\u00e9gation am\u00e9ricaine de haut niveau aux villes de La\u00e2youne et de Dakhla illustre le s\u00e9rieux de la position des Etats-Unis vis-\u00e0-vis de l\u2019int\u00e9grit\u00e9 territoriale du Royaume, a affirm\u00e9 le directeur du Laboratoire des \u00e9tudes constitutionnelles et d\u2019analyse des crises et des politiques \u00e0 la Facult\u00e9 de droit de Marrakech, Driss Lagrini.<\/p>\n<\/div>\n<div readability=\"111\">\n<p>Dans une d\u00e9claration \u00e0 la MAP, M. Lagrini a pr\u00e9cis\u00e9 que la visite d\u2019une d\u00e9l\u00e9gation am\u00e9ricaine de haut niveau, conduite par le sous-secr\u00e9taire d\u2019Etat am\u00e9ricain en charge des questions du Proche-Orient et de l\u2019Afrique du Nord, David Schenker, intervient dans le sillage de la promulgation, il y a quelques semaines, par le pr\u00e9sident am\u00e9ricain Donald Trump d\u2019un d\u00e9cret reconnaissant la souverainet\u00e9 du Maroc sur son Sahara.<\/p>\n<p>Cette visite, a-t-il ajout\u00e9, vient confirmer que le d\u00e9cret pr\u00e9sidentiel est intimement li\u00e9 \u00e0 la position am\u00e9ricaine relative \u00e0 la question du Sahara, notamment vis-\u00e0-vis du projet d\u2019autonomie, dont les Etats-Unis ont constamment soulign\u00e9 la pertinence, le r\u00e9alisme et l\u2019efficacit\u00e9 dans la gestion durable de ce dossier.<\/p>\n<p>Sur le plan \u00e9conomique, M. Lagrini a not\u00e9 que cette visite est en phase avec la tendance que connaissent les relations bilat\u00e9rales, qui ont consid\u00e9rablement \u00e9volu\u00e9 ces derni\u00e8res ann\u00e9es, en particulier apr\u00e8s l\u2019accord de libre-\u00e9change, sans oublier la convergence des positions maroco-am\u00e9ricaines sur un ensemble de questions r\u00e9gionales et internationales.<\/p>\n<p>Il a, dans ce sens, estim\u00e9 que le lancement d\u2019un centre d\u2019\u00e9ducation par le sport \u00e0 La\u00e2youne d\u00e9montre que les Etats-Unis sont s\u00e9rieux dans leur volont\u00e9 de conf\u00e9rer une dimension \u00e9conomique \u00e0 la d\u00e9cision am\u00e9ricaine concernant la souverainet\u00e9 du Maroc sur le Sahara, ce qui aura, sans nul doute, un impact positif sur les relations \u00e9conomiques entre les deux pays.<\/p>\n<p>Selon M. Lagrini, ce pas franchi, qui contribuera au d\u00e9veloppement des provinces du Sud, repr\u00e9sente aussi un signe de confiance de Washington en la stabilit\u00e9 dont jouissent ces provinces et sa disposition \u00e0 y implanter, \u00e0 l\u2019avenir, un ensemble de projets de d\u00e9veloppement.<\/p>\n<p>Il a relev\u00e9, par ailleurs, que les d\u00e9clarations \u00e0 Alger de M. Schenker qui a soutenu que les n\u00e9gociations sur la question du Sahara doivent se faire dans le cadre du plan marocain d\u2019autonomie, constituent un message clair \u00e0 l\u2019adresse de l\u2019Alg\u00e9rie pour changer sa strat\u00e9gie et ses positions hors contexte et loin de la r\u00e9alit\u00e9 que conna\u00eet la r\u00e9gion depuis plus de quatre d\u00e9cennies.<\/p>\n<p>Par cette position, a-t-il poursuivi, les Etats-Unis montrent leur s\u00e9rieux en vue d\u2019aller de l\u2019avant pour le soutien du projet d\u2019autonomie en tant que projet prometteur dot\u00e9 de plusieurs atouts, \u00e0 m\u00eame de jeter les bases d\u2019une solution durable et r\u00e9aliste \u00e0 ce conflit artificiel, de mani\u00e8re \u00e0 garantir \u00e0 la population de g\u00e9rer d\u00e9mocratiquement ses affaires.<\/p>\n<p>M. Lagrini a, d\u2019autre part, indiqu\u00e9 que la visite de la d\u00e9l\u00e9gation US au futur si\u00e8ge du consulat am\u00e9ricain \u00e0 Dakhla prouve que les Etats-Unis sont conscients du potentiel \u00e9conomique et d\u2019investissement dont regorgent les provinces du Sud, estimant que les Etats-Unis vont \u0153uvrer \u00e0 travers cette repr\u00e9sentation diplomatique au renforcement des relations bilat\u00e9rales.<\/p>\n<p>Et de conclure que le statut des Etats-Unis, en tant que superpuissance et membre permanent du Conseil de s\u00e9curit\u00e9, impactera de mani\u00e8re agissante la gestion de la question de l\u2019int\u00e9grit\u00e9 territoriale du Royaume et incitera d\u2019autres pays convaincus de la justesse de la position marocaine \u00e0 suivre la m\u00eame voie emprunt\u00e9e par l\u2019administration US.<\/p>\n<\/div>\n<p>Auteur: Meriem IGASS<br \/>\n<a href=\"http:\/\/www.mapmarrakech.ma\/fr\/la-delegation-us-a-laayoune-et-dakhla-une-illustration-de-la-position-americaine-serieuse\/\">Cliquez ici pour lire l&rsquo;article depuis sa source.<\/a><\/p>\n","protected":false},"excerpt":{"rendered":"<p>Marrakech \u2013 La visite d\u2019une d\u00e9l\u00e9gation am\u00e9ricaine de haut niveau aux villes de La\u00e2youne et de Dakhla illustre le s\u00e9rieux de la position des Etats-Unis vis-\u00e0-vis de l\u2019int\u00e9grit\u00e9 territoriale du Royaume, a affirm\u00e9 le directeur du Laboratoire des \u00e9tudes constitutionnelles et d\u2019analyse des crises et des politiques \u00e0 la Facult\u00e9 de droit de Marrakech, Driss [&hellip;]<\/p>\n","protected":false},"author":1788,"featured_media":0,"comment_status":"closed","ping_status":"closed","sticky":false,"template":"","format":"standard","meta":{"fifu_image_url":"","fifu_image_alt":"","footnotes":""},"categories":[54,76],"tags":[],"class_list":["post-109067","post","type-post","status-publish","format-standard","hentry","category-maroc","category-regions"],"_links":{"self":[{"href":"https:\/\/linitiative.ca\/International\/wp-json\/wp\/v2\/posts\/109067","targetHints":{"allow":["GET"]}}],"collection":[{"href":"https:\/\/linitiative.ca\/International\/wp-json\/wp\/v2\/posts"}],"about":[{"href":"https:\/\/linitiative.ca\/International\/wp-json\/wp\/v2\/types\/post"}],"author":[{"embeddable":true,"href":"https:\/\/linitiative.ca\/International\/wp-json\/wp\/v2\/users\/1788"}],"replies":[{"embeddable":true,"href":"https:\/\/linitiative.ca\/International\/wp-json\/wp\/v2\/comments?post=109067"}],"version-history":[{"count":0,"href":"https:\/\/linitiative.ca\/International\/wp-json\/wp\/v2\/posts\/109067\/revisions"}],"wp:attachment":[{"href":"https:\/\/linitiative.ca\/International\/wp-json\/wp\/v2\/media?parent=109067"}],"wp:term":[{"taxonomy":"category","embeddable":true,"href":"https:\/\/linitiative.ca\/International\/wp-json\/wp\/v2\/categories?post=109067"},{"taxonomy":"post_tag","embeddable":true,"href":"https:\/\/linitiative.ca\/International\/wp-json\/wp\/v2\/tags?post=109067"}],"curies":[{"name":"wp","href":"https:\/\/api.w.org\/{rel}","templated":true}]}}