{"id":109068,"date":"2021-01-11T13:20:59","date_gmt":"2021-01-11T18:20:59","guid":{"rendered":"https:\/\/linitiative.ca\/International\/inauguration-dun-nouvel-arrondissement-de-police\/"},"modified":"2021-01-11T13:20:59","modified_gmt":"2021-01-11T18:20:59","slug":"inauguration-dun-nouvel-arrondissement-de-police","status":"publish","type":"post","link":"https:\/\/linitiative.ca\/International\/inauguration-dun-nouvel-arrondissement-de-police\/","title":{"rendered":"Inauguration d\u2019un nouvel arrondissement de police"},"content":{"rendered":"<div readability=\"40\">\n<p>Marrakech \u2013 Le nouveau si\u00e8ge de l\u2019arrondissement de police d&rsquo;\u00a0\u00bbIziki\u00a0\u00bb, relevant du District de M\u2019hamid \u00e0 Marrakech, a \u00e9t\u00e9 inaugur\u00e9, lundi, dans le cadre de la mise en oeuvre de la strat\u00e9gie pr\u00f4n\u00e9e par la Direction G\u00e9n\u00e9rale de la S\u00fbret\u00e9 Nationale (DGSN) pour le d\u00e9veloppement, la modernisation et le renforcement des infrastructures s\u00e9curitaires.<\/p>\n<\/div>\n<div readability=\"88\">\n<p>Situ\u00e9 dans le lotissement \u00ab\u00a0Berradi 3\u00a0\u00bb, le nouveau si\u00e8ge a \u00e9t\u00e9 inaugur\u00e9 lors d\u2019une c\u00e9r\u00e9monie marqu\u00e9e par la pr\u00e9sence notamment du wali de la r\u00e9gion Marrakech-Safi, gouverneur de la pr\u00e9fecture de Marrakech, Karim Kassi-Lahlou, ainsi que des repr\u00e9sentants des services de s\u00e9curit\u00e9 et des autorit\u00e9s locales et judiciaires.<\/p>\n<p>Erig\u00e9e sur une superficie totale de 630 M2, cette nouvelle structure, qui vient ainsi renforcer la couverture s\u00e9curitaire et rapprocher davantage les services de police des citoyens, se distingue par sa proximit\u00e9 des populations ainsi que par ses \u00e9quipements logistiques modernes.<\/p>\n<p>Le nouveau si\u00e8ge dispose \u00e9galement d\u2019un ensemble d\u2019accessibilit\u00e9s et de services d\u2019accueil qui permettront d\u2019assurer des prestations int\u00e9gr\u00e9es de proximit\u00e9 au profit des citoyens, notamment en ce qui concerne l\u2019interaction avec leurs besoins en termes de documents administratifs et de traitement de leurs dossiers \u00e0 caract\u00e8re judiciaire et ce, dans le respect des normes de haute qualit\u00e9.<\/p>\n<p>A cette occasion, le chef du 4\u00e8 District de police de M\u2019hamid, le commissaire divisionnaire, Abdelouahed El Mazouni, a not\u00e9 que l\u2019inauguration du si\u00e8ge de l\u2019arrondissement d\u2019Iziki co\u00efncide avec la c\u00e9l\u00e9bration de l\u2019anniversaire de la pr\u00e9sentation du Manifeste de l\u2019ind\u00e9pendance, un \u00e9v\u00e9nement si cher \u00e0 tous les Marocains.<\/p>\n<p>Dans une d\u00e9claration \u00e0 la presse, M. El Mazouni a expliqu\u00e9 que le nouvel arrondissement comprend un ensemble de services qui assurent des prestations de nature administrative et judiciaire aux citoyens, tels que le service de documentation et des documents d\u2019identit\u00e9, et la brigade urbaine de la police judiciaire, entre autres.<\/p>\n<p>L\u2019arrondissement compte \u00e9galement des salles de s\u00e9curit\u00e9 r\u00e9pondant aux normes internationales et respectant les conditions de la garde \u00e0 vue, outre l\u2019am\u00e9lioration de l\u2019accueil des citoyens dans de bonnes conditions, a fait savoir le responsable s\u00e9curitaire.<\/p>\n<p>La DGSN s\u2019est engag\u00e9e, ces derni\u00e8res ann\u00e9es, dans une strat\u00e9gie de d\u00e9veloppement des services et infrastructures de police, de mani\u00e8re \u00e0 garantir des espaces int\u00e9gr\u00e9s \u00e0 m\u00eame d\u2019am\u00e9liorer les conditions de travail des fonctionnaires d\u2019une part, et d\u2019accueil des citoyens, d\u2019autre part.<\/p>\n<\/div>\n<p>Auteur: Meriem IGASS<br \/>\n<a href=\"http:\/\/www.mapmarrakech.ma\/fr\/inauguration-dun-nouvel-arrondissement-de-police\/\">Cliquez ici pour lire l&rsquo;article depuis sa source.<\/a><\/p>\n","protected":false},"excerpt":{"rendered":"<p>Marrakech \u2013 Le nouveau si\u00e8ge de l\u2019arrondissement de police d&rsquo;\u00a0\u00bbIziki\u00a0\u00bb, relevant du District de M\u2019hamid \u00e0 Marrakech, a \u00e9t\u00e9 inaugur\u00e9, lundi, dans le cadre de la mise en oeuvre de la strat\u00e9gie pr\u00f4n\u00e9e par la Direction G\u00e9n\u00e9rale de la S\u00fbret\u00e9 Nationale (DGSN) pour le d\u00e9veloppement, la modernisation et le renforcement des infrastructures s\u00e9curitaires. Situ\u00e9 dans [&hellip;]<\/p>\n","protected":false},"author":1788,"featured_media":0,"comment_status":"closed","ping_status":"closed","sticky":false,"template":"","format":"standard","meta":{"fifu_image_url":"","fifu_image_alt":"","footnotes":""},"categories":[54,76],"tags":[],"class_list":["post-109068","post","type-post","status-publish","format-standard","hentry","category-maroc","category-regions"],"_links":{"self":[{"href":"https:\/\/linitiative.ca\/International\/wp-json\/wp\/v2\/posts\/109068","targetHints":{"allow":["GET"]}}],"collection":[{"href":"https:\/\/linitiative.ca\/International\/wp-json\/wp\/v2\/posts"}],"about":[{"href":"https:\/\/linitiative.ca\/International\/wp-json\/wp\/v2\/types\/post"}],"author":[{"embeddable":true,"href":"https:\/\/linitiative.ca\/International\/wp-json\/wp\/v2\/users\/1788"}],"replies":[{"embeddable":true,"href":"https:\/\/linitiative.ca\/International\/wp-json\/wp\/v2\/comments?post=109068"}],"version-history":[{"count":0,"href":"https:\/\/linitiative.ca\/International\/wp-json\/wp\/v2\/posts\/109068\/revisions"}],"wp:attachment":[{"href":"https:\/\/linitiative.ca\/International\/wp-json\/wp\/v2\/media?parent=109068"}],"wp:term":[{"taxonomy":"category","embeddable":true,"href":"https:\/\/linitiative.ca\/International\/wp-json\/wp\/v2\/categories?post=109068"},{"taxonomy":"post_tag","embeddable":true,"href":"https:\/\/linitiative.ca\/International\/wp-json\/wp\/v2\/tags?post=109068"}],"curies":[{"name":"wp","href":"https:\/\/api.w.org\/{rel}","templated":true}]}}