{"id":109069,"date":"2021-01-11T11:56:25","date_gmt":"2021-01-11T16:56:25","guid":{"rendered":"https:\/\/linitiative.ca\/International\/une-2e-edition-pour-les-journees-de-loriental-pour-lenvironnement\/"},"modified":"2021-01-11T11:56:25","modified_gmt":"2021-01-11T16:56:25","slug":"une-2e-edition-pour-les-journees-de-loriental-pour-lenvironnement","status":"publish","type":"post","link":"https:\/\/linitiative.ca\/International\/une-2e-edition-pour-les-journees-de-loriental-pour-lenvironnement\/","title":{"rendered":"Une 2\u00e8 \u00e9dition pour les Journ\u00e9es de l\u2019Oriental pour l\u2019environnement"},"content":{"rendered":"<p class=\"c4\">L\u2019Association \u00abYes Green Maroc\u00bb organise, du 12 au 14 f\u00e9vrier prochain sous format num\u00e9rique, la 2\u00e8me \u00e9dition des Journ\u00e9es de l\u2019Oriental pour l\u2019environnement (JOE2), plac\u00e9es cette ann\u00e9e sous le th\u00e8me \u00abLes d\u00e9chets solides, une ressource vitale pour le d\u00e9veloppement durable\u00bb.<\/p>\n<p class=\"c4\">Cette \u00e9dition mettra l\u2019accent sur les avantages du tri et du recyclage des d\u00e9chets solides m\u00e9nagers, comme outil de d\u00e9veloppement d\u2019une \u00e9conomie circulaire, d\u2019une part, et de protection des \u00e9cosyst\u00e8mes naturels vuln\u00e9rables, d\u2019autre part, indiquent les organisateurs.<\/p>\n<p class=\"c4\">Les intervenants lors de cette rencontre digitale examineront les moyens de pr\u00e9server les \u00e9cosyst\u00e8mes naturels tout en r\u00e9pondant aux exigences d\u2019une croissance \u00e9conomique saine et durable, \u00e0 travers l\u2019exploitation rationnelle de toutes les ressources disponibles dans la r\u00e9gion.<\/p>\n<p class=\"c4\">Une s\u00e9lection des meilleurs articles pr\u00e9sent\u00e9s lors de cette \u00e9dition fera l\u2019objet d\u2019une publication dans une revue internationale index\u00e9e sp\u00e9cialis\u00e9e dans les sciences de l\u2019environnement et la gestion des ressources, affirment les organisateurs.<\/p>\n<p class=\"c4\">Cet \u00e9v\u00e8nement est organis\u00e9 dans le cadre du projet \u00abRenforcement des capacit\u00e9s citoyennes pour un quartier propre, \u00e0 travers le tri des ordures m\u00e9nag\u00e8res \u00e0 la source\u00bb, mis en \u0153uvre par Yes Green Maroc au niveau du district urbain Zaytoun \u00e0 Oujda et financ\u00e9 par l\u2019Union europ\u00e9enne dans le cadre du programme \u00abMoucharaka Mouwatina\u00bb.<\/p>\n<p class=\"c4\">Depuis l\u2019inauguration de sa premi\u00e8re \u00e9dition en 2019, cet \u00e9v\u00e9nement scientifique a examin\u00e9 plusieurs aspects de la question environnementale dans la r\u00e9gion de l\u2019Oriental, avec la participation d\u2019institutions acad\u00e9miques, d\u2019experts et de chercheurs sp\u00e9cialis\u00e9s dans le domaine \u00e9cologique.<\/p>\n<p>Auteur: Soufiane ELAHMAR<br \/>\n<a href=\"http:\/\/www.mapoujda.ma\/fr\/une-2e-edition-virtuelle-pour-les-journees-de-loriental-pour-lenvironnement\/\">Cliquez ici pour lire l&rsquo;article depuis sa source.<\/a><\/p>\n","protected":false},"excerpt":{"rendered":"<p>L\u2019Association \u00abYes Green Maroc\u00bb organise, du 12 au 14 f\u00e9vrier prochain sous format num\u00e9rique, la 2\u00e8me \u00e9dition des Journ\u00e9es de l\u2019Oriental pour l\u2019environnement (JOE2), plac\u00e9es cette ann\u00e9e sous le th\u00e8me \u00abLes d\u00e9chets solides, une ressource vitale pour le d\u00e9veloppement durable\u00bb. Cette \u00e9dition mettra l\u2019accent sur les avantages du tri et du recyclage des d\u00e9chets solides [&hellip;]<\/p>\n","protected":false},"author":1788,"featured_media":0,"comment_status":"closed","ping_status":"closed","sticky":false,"template":"","format":"standard","meta":{"fifu_image_url":"","fifu_image_alt":"","footnotes":""},"categories":[54,76],"tags":[],"class_list":["post-109069","post","type-post","status-publish","format-standard","hentry","category-maroc","category-regions"],"_links":{"self":[{"href":"https:\/\/linitiative.ca\/International\/wp-json\/wp\/v2\/posts\/109069","targetHints":{"allow":["GET"]}}],"collection":[{"href":"https:\/\/linitiative.ca\/International\/wp-json\/wp\/v2\/posts"}],"about":[{"href":"https:\/\/linitiative.ca\/International\/wp-json\/wp\/v2\/types\/post"}],"author":[{"embeddable":true,"href":"https:\/\/linitiative.ca\/International\/wp-json\/wp\/v2\/users\/1788"}],"replies":[{"embeddable":true,"href":"https:\/\/linitiative.ca\/International\/wp-json\/wp\/v2\/comments?post=109069"}],"version-history":[{"count":0,"href":"https:\/\/linitiative.ca\/International\/wp-json\/wp\/v2\/posts\/109069\/revisions"}],"wp:attachment":[{"href":"https:\/\/linitiative.ca\/International\/wp-json\/wp\/v2\/media?parent=109069"}],"wp:term":[{"taxonomy":"category","embeddable":true,"href":"https:\/\/linitiative.ca\/International\/wp-json\/wp\/v2\/categories?post=109069"},{"taxonomy":"post_tag","embeddable":true,"href":"https:\/\/linitiative.ca\/International\/wp-json\/wp\/v2\/tags?post=109069"}],"curies":[{"name":"wp","href":"https:\/\/api.w.org\/{rel}","templated":true}]}}