{"id":109070,"date":"2021-01-11T12:07:13","date_gmt":"2021-01-11T17:07:13","guid":{"rendered":"https:\/\/linitiative.ca\/International\/guercif-le-nouvel-abattoir-communal-fin-pret\/"},"modified":"2021-01-11T12:07:13","modified_gmt":"2021-01-11T17:07:13","slug":"guercif-le-nouvel-abattoir-communal-fin-pret","status":"publish","type":"post","link":"https:\/\/linitiative.ca\/International\/guercif-le-nouvel-abattoir-communal-fin-pret\/","title":{"rendered":"Guercif : Le nouvel abattoir communal fin pr\u00eat"},"content":{"rendered":"<div class=\"single-featured\"><img alt=\"\" data-src=\"http:\/\/www.mapoujda.ma\/map\/uploads\/2021\/01\/Abattoire-de-Guercif-750&#xD7;430-DR.jpg\"\/><\/div>\n<div class=\"entry-content clearfix single-post-content\" readability=\"64\">\n<p class=\"c4\">Les travaux de construction et d\u2019\u00e9quipement du nouvel abattoir communal de Guercif ont pris fin, pour un co\u00fbt total de 10 millions de dirhams (MDH).<\/p>\n<p class=\"c4\">Un communiqu\u00e9 de l\u2019Agence pour la promotion et le d\u00e9veloppement du Nord (APDN) indique que ce projet, financ\u00e9 par l\u2019Agence en partenariat avec la pr\u00e9fecture de la province de Guercif, s\u2019inscrit dans le cadre du plan de d\u00e9veloppement provincial de l\u2019APDN.<\/p>\n<p class=\"c4\">Cette structure, construite sur une superficie de 3.080 m2, comprend l\u2019ensemble des d\u00e9pendances modernes n\u00e9cessaires comme des unit\u00e9s de r\u00e9frig\u00e9ration, de stockage et d\u2019abattage, en plus d\u2019un incin\u00e9rateur et d\u2019une station de traitement des eaux us\u00e9es.<\/p>\n<p class=\"c4\">Le nouvel abattoir, d\u2019une capacit\u00e9 de 160 t\u00eates d\u2019ovins et de 20 t\u00eates de bovins par jour, a \u00e9t\u00e9 construit et \u00e9quip\u00e9 dans le respect de l\u2019ensemble des normes de s\u00e9curit\u00e9 sanitaire pr\u00e9conis\u00e9es par l\u2019Office national de s\u00e9curit\u00e9 sanitaire des produits alimentaires (ONSSA), affirme le communiqu\u00e9.<\/p>\n<p class=\"c4\">Cet abattoir permettra de couvrir les besoins de la ville de Guercif et des environs en viandes de haute qualit\u00e9 et de cr\u00e9er des postes d\u2019emploi, en plus de l\u2019augmentation des recettes financi\u00e8res de la commune de Guercif qui s\u2019occupera de la gestion de cette unit\u00e9, assure la m\u00eame source, pr\u00e9cisant que cette structure doit entrer en services dans les prochains jours.<\/p>\n<\/div>\n<p>Auteur: Soufiane ELAHMAR<br \/>\n<a href=\"http:\/\/www.mapoujda.ma\/fr\/guercif-le-nouvel-abattoir-communal-fin-pret\/\">Cliquez ici pour lire l&rsquo;article depuis sa source.<\/a><\/p>\n","protected":false},"excerpt":{"rendered":"<p>Les travaux de construction et d\u2019\u00e9quipement du nouvel abattoir communal de Guercif ont pris fin, pour un co\u00fbt total de 10 millions de dirhams (MDH). Un communiqu\u00e9 de l\u2019Agence pour la promotion et le d\u00e9veloppement du Nord (APDN) indique que ce projet, financ\u00e9 par l\u2019Agence en partenariat avec la pr\u00e9fecture de la province de Guercif, [&hellip;]<\/p>\n","protected":false},"author":1788,"featured_media":0,"comment_status":"closed","ping_status":"closed","sticky":false,"template":"","format":"standard","meta":{"fifu_image_url":"http:\/\/www.mapoujda.ma\/map\/uploads\/2021\/01\/Abattoire-de-Guercif-750\u00d7430-DR.jpg","fifu_image_alt":"Guercif : Le nouvel abattoir communal fin pr\u00eat","footnotes":""},"categories":[54,76],"tags":[],"class_list":["post-109070","post","type-post","status-publish","format-standard","hentry","category-maroc","category-regions"],"_links":{"self":[{"href":"https:\/\/linitiative.ca\/International\/wp-json\/wp\/v2\/posts\/109070","targetHints":{"allow":["GET"]}}],"collection":[{"href":"https:\/\/linitiative.ca\/International\/wp-json\/wp\/v2\/posts"}],"about":[{"href":"https:\/\/linitiative.ca\/International\/wp-json\/wp\/v2\/types\/post"}],"author":[{"embeddable":true,"href":"https:\/\/linitiative.ca\/International\/wp-json\/wp\/v2\/users\/1788"}],"replies":[{"embeddable":true,"href":"https:\/\/linitiative.ca\/International\/wp-json\/wp\/v2\/comments?post=109070"}],"version-history":[{"count":0,"href":"https:\/\/linitiative.ca\/International\/wp-json\/wp\/v2\/posts\/109070\/revisions"}],"wp:attachment":[{"href":"https:\/\/linitiative.ca\/International\/wp-json\/wp\/v2\/media?parent=109070"}],"wp:term":[{"taxonomy":"category","embeddable":true,"href":"https:\/\/linitiative.ca\/International\/wp-json\/wp\/v2\/categories?post=109070"},{"taxonomy":"post_tag","embeddable":true,"href":"https:\/\/linitiative.ca\/International\/wp-json\/wp\/v2\/tags?post=109070"}],"curies":[{"name":"wp","href":"https:\/\/api.w.org\/{rel}","templated":true}]}}