{"id":109071,"date":"2021-01-11T11:00:00","date_gmt":"2021-01-11T16:00:00","guid":{"rendered":"https:\/\/linitiative.ca\/International\/simeone-revele-sa-plus-grosse-crainte-comme-entraineur-de-latletico\/"},"modified":"2021-01-11T11:00:00","modified_gmt":"2021-01-11T16:00:00","slug":"simeone-revele-sa-plus-grosse-crainte-comme-entraineur-de-latletico","status":"publish","type":"post","link":"https:\/\/linitiative.ca\/International\/simeone-revele-sa-plus-grosse-crainte-comme-entraineur-de-latletico\/","title":{"rendered":"Simeone r\u00e9v\u00e8le sa plus grosse crainte comme entra\u00eeneur de l&rsquo;Atl\u00e9tico !"},"content":{"rendered":"<p class=\"p1 c3\"><span class=\"c2\">Apr\u00e8s la d\u00e9faite en Coupe du Roi, Diego Simeone a \u00e9cart\u00e9 l&rsquo;id\u00e9e qu&rsquo;il pourrait partir, mais c&rsquo;est un sc\u00e9nario qu&rsquo;il redoute chaque jour.<\/span><\/p>\n<p class=\"p1 c3\"><span class=\"c2\">L&rsquo;entra\u00eeneur de l&rsquo;Atletico Madrid, Diego Simeone, a insist\u00e9 sur le fait qu&rsquo;il ne prenait pas son travail pour acquis, affirmant qu&rsquo;il avait toujours le sentiment qu&rsquo;il pourrait \u00eatre limog\u00e9.<\/span><\/p>\n<p class=\"p1 c3\"><span class=\"c2\">L&rsquo;Argentin a \u00e9t\u00e9 nomm\u00e9 au poste en 2011 et c\u00e9l\u00e9brera une d\u00e9cennie \u00e0 la t\u00eate des Matelassiers s&rsquo;il est toujours en poste d&rsquo;ici le 23 d\u00e9cembre.<\/span><\/p>\n<p class=\"p1 c3\"><span class=\"c2\">Pendant cette p\u00e9riode, il a \u00e9t\u00e9 l&rsquo;artisan d&rsquo;une p\u00e9riode tr\u00e8s fertile pour le club, le menant \u00e0 deux finales de la Ligue des champions, \u00e0 un titre de champion et au sommet du classement cette saison.<\/span><\/p>\n<p class=\"p1 c3\"><span class=\"c2\">Malgr\u00e9 ce CV impressionnant, il a laiss\u00e9 entendre qu&rsquo;il quitterait le club apr\u00e8s une d\u00e9faite choc de la Copa del Rey face \u00e0 Cornella en milieu de semaine. \u00abIl est difficile d&rsquo;essayer d&rsquo;expliquer les sentiments quand on s&rsquo;exprime, il est normal que chacun interpr\u00e8te le message \u00e0 sa mani\u00e8re, je suis toujours sinc\u00e8re. Je pense toujours qu&rsquo;on pourrait me renvoyer le lendemain \u00bb, a-t-il d\u00e9clar\u00e9 vendredi.<\/span><\/p>\n<p class=\"p1 c3\"><span class=\"c2\">\u00ab\u00a0Je vis en permanence avec une approche match par match. Vous pouvez interpr\u00e9ter ce que vous voulez. J&rsquo;ai d\u00e9j\u00e0 dit lors de la conf\u00e9rence de presse que je suis tr\u00e8s heureux \u00e0 l&rsquo;Atletico Madrid, que nous venons d&rsquo;une ann\u00e9e de transition et que nous r\u00e9alisons une tr\u00e8s bonne saison dans une comp\u00e9tition difficile comme la Liga\u00a0\u00bb, a ajout\u00e9 El Cholo.<\/span><\/p>\n<p class=\"p1 c3\"><span class=\"c2\">Apr\u00e8s la d\u00e9faite 1-0 en milieu de semaine, il avait jet\u00e9 le doute sur son avenir.\u00abNous chercherons des solutions pour l&rsquo;ann\u00e9e prochaine si nous sommes ici\u00bb, a-t-il d\u00e9clar\u00e9. \u00abLe football est tr\u00e8s variant, mais il faut \u00eatre ouvert \u00e0 toutes les possibilit\u00e9s. Nous devons \u00eatre ouverts \u00e0 tout ce que le club d\u00e9cide.\u00a0\u00bb<\/span><\/p>\n<p class=\"p1 c3\"><span class=\"c2\">Malgr\u00e9 ce revers, l&rsquo;Atl\u00e9tico conna\u00eet une belle saison vu qu&rsquo;il est en t\u00eate de la Primera Division avec deux points d&rsquo;avance sur le Real Madrid &#8211; et aussi deux matches de plus \u00e0 jouer contre les Merengue. La prochaine \u00e9tape pour l&rsquo;Atl\u00e9tico est une opposition contre l&rsquo;Athletic Club<span class=\"Apple-converted-space\">\u00a0<\/span> . \u00ab\u00a0Hier, nous avons pu nous entra\u00eener tous les deux avec le froid et la neige, et nous avons pu nous pr\u00e9parer pour le match\u00a0\u00bb, a d\u00e9clar\u00e9 l&rsquo;entra\u00eeneur. \u00ab\u00a0Aujourd&rsquo;hui, nous n&rsquo;avons pas pu et nous recherchons des alternatives pour arriver dans les meilleures conditions. Le terrain sera dans le meilleur \u00e9tat possible. \u00bb<\/span><\/p>\n<p class=\"p1 c3\"><span class=\"c2\">Un affrontement contre S\u00e9ville suivra mardi. Puis, les Rojiblancos auront ensuite 9 jours de cong\u00e9.<\/span><\/p>\n<p>Auteur: letemps1<br \/>\n<a href=\"http:\/\/www.letemps.com.tn\/article\/118840\/simeone-r%C3%A9v%C3%A8le-sa-plus-grosse-crainte-comme-entra%C3%AEneur-de-latl%C3%A9tico\">Cliquez ici pour lire l&rsquo;article depuis sa source.<\/a><\/p>\n","protected":false},"excerpt":{"rendered":"<p>Apr\u00e8s la d\u00e9faite en Coupe du Roi, Diego Simeone a \u00e9cart\u00e9 l&rsquo;id\u00e9e qu&rsquo;il pourrait partir, mais c&rsquo;est un sc\u00e9nario qu&rsquo;il redoute chaque jour. L&rsquo;entra\u00eeneur de l&rsquo;Atletico Madrid, Diego Simeone, a insist\u00e9 sur le fait qu&rsquo;il ne prenait pas son travail pour acquis, affirmant qu&rsquo;il avait toujours le sentiment qu&rsquo;il pourrait \u00eatre limog\u00e9. L&rsquo;Argentin a \u00e9t\u00e9 [&hellip;]<\/p>\n","protected":false},"author":1773,"featured_media":0,"comment_status":"closed","ping_status":"closed","sticky":false,"template":"","format":"standard","meta":{"fifu_image_url":"","fifu_image_alt":"","footnotes":""},"categories":[73,55],"tags":[],"class_list":["post-109071","post","type-post","status-publish","format-standard","hentry","category-actualite","category-tunisie"],"_links":{"self":[{"href":"https:\/\/linitiative.ca\/International\/wp-json\/wp\/v2\/posts\/109071","targetHints":{"allow":["GET"]}}],"collection":[{"href":"https:\/\/linitiative.ca\/International\/wp-json\/wp\/v2\/posts"}],"about":[{"href":"https:\/\/linitiative.ca\/International\/wp-json\/wp\/v2\/types\/post"}],"author":[{"embeddable":true,"href":"https:\/\/linitiative.ca\/International\/wp-json\/wp\/v2\/users\/1773"}],"replies":[{"embeddable":true,"href":"https:\/\/linitiative.ca\/International\/wp-json\/wp\/v2\/comments?post=109071"}],"version-history":[{"count":0,"href":"https:\/\/linitiative.ca\/International\/wp-json\/wp\/v2\/posts\/109071\/revisions"}],"wp:attachment":[{"href":"https:\/\/linitiative.ca\/International\/wp-json\/wp\/v2\/media?parent=109071"}],"wp:term":[{"taxonomy":"category","embeddable":true,"href":"https:\/\/linitiative.ca\/International\/wp-json\/wp\/v2\/categories?post=109071"},{"taxonomy":"post_tag","embeddable":true,"href":"https:\/\/linitiative.ca\/International\/wp-json\/wp\/v2\/tags?post=109071"}],"curies":[{"name":"wp","href":"https:\/\/api.w.org\/{rel}","templated":true}]}}