{"id":109072,"date":"2021-01-11T15:14:01","date_gmt":"2021-01-11T20:14:01","guid":{"rendered":"https:\/\/linitiative.ca\/International\/pros-montpellier-delort-met-fin-aux-rumeurs-de-depart-cet-hiver\/"},"modified":"2021-01-11T15:14:01","modified_gmt":"2021-01-11T20:14:01","slug":"pros-montpellier-delort-met-fin-aux-rumeurs-de-depart-cet-hiver","status":"publish","type":"post","link":"https:\/\/linitiative.ca\/International\/pros-montpellier-delort-met-fin-aux-rumeurs-de-depart-cet-hiver\/","title":{"rendered":"Pros : Montpellier : Delort met fin aux rumeurs de d\u00e9part cet hiver"},"content":{"rendered":"<div readability=\"32\">\n<p>Auteur : <span class=\"time\">lundi 11 janvier 2021 12:07<\/span><\/p>\n<\/div>\n<div id=\"post_core\" readability=\"50\">\n<p>En effet, l&rsquo;international alg\u00e9rien souhaite aller le plus haut possible avec le MHSC.<\/p>\n<p>\u00ab\u00a0Si un autre challenge que Montpellier me fait r\u00eaver ? Quand Laurent Nicollin est venu me chercher, j\u2019\u00e9tais \u00e0 la cave \u00e0 Toulouse o\u00f9 c\u2019\u00e9tait tr\u00e8s, tr\u00e8s compliqu\u00e9 entre le club, moi et tout le monde. Il est venu me chercher et a tout fait pour que je signe. Et voil\u00e0, deux ans et demi plus tard, je suis vice-capitaine quand Vito (Hilton, ndlr) n\u2019est pas l\u00e0. J\u2019ai des responsabilit\u00e9s, je marque des buts et je me sens bien dans cette \u00e9quipe. Ma premi\u00e8re envie, c\u2019est de finir europ\u00e9en avec Montpellier pour rendre tout ce qu\u2019il m\u2019a donn\u00e9. C\u2019est le club de ma r\u00e9gion, je vais tout faire pour monter le club o\u00f9 il m\u00e9rite d\u2019\u00eatre\u00a0\u00bb, a justifi\u00e9 le champion d&rsquo;Afrique pour la cha\u00eene T\u00e9l\u00e9foot et comme rapport\u00e9 par Maxifoot.<\/p>\n<p><strong>Publi\u00e9 dans :<\/strong> <span>Montpellier<\/span><\/p>\n<\/div>\n<p>Auteur:<br \/>\n<a href=\"http:\/\/www.lebuteur.com\/article\/detail?titre=montpellier-delort-met-fin-aux-rumeurs-de-depart-cet-hiver&#038;id=98663&#038;utm_source=feedburner&#038;utm_medium=feed&#038;utm_campaign=Feed%3A+GalerieFArtciles+%28Les+derniers+articles++-+lebuteur.com%29\">Cliquez ici pour lire l&rsquo;article depuis sa source.<\/a><\/p>\n","protected":false},"excerpt":{"rendered":"<p>Auteur : lundi 11 janvier 2021 12:07 En effet, l&rsquo;international alg\u00e9rien souhaite aller le plus haut possible avec le MHSC. \u00ab\u00a0Si un autre challenge que Montpellier me fait r\u00eaver ? Quand Laurent Nicollin est venu me chercher, j\u2019\u00e9tais \u00e0 la cave \u00e0 Toulouse o\u00f9 c\u2019\u00e9tait tr\u00e8s, tr\u00e8s compliqu\u00e9 entre le club, moi et tout le [&hellip;]<\/p>\n","protected":false},"author":1738,"featured_media":0,"comment_status":"closed","ping_status":"closed","sticky":false,"template":"","format":"standard","meta":{"fifu_image_url":"\/\/cdn.lebuteur.com\/data\/images\/article\/thumbs\/large-montpellier-delort-met-fin-aux-rumeurs-de-depart-cet-hiver-3a2bd.jpg","fifu_image_alt":"Pros : Montpellier : Delort met fin aux rumeurs de d\u00e9part cet hiver","footnotes":""},"categories":[53,75],"tags":[],"class_list":["post-109072","post","type-post","status-publish","format-standard","hentry","category-algerie","category-sport"],"_links":{"self":[{"href":"https:\/\/linitiative.ca\/International\/wp-json\/wp\/v2\/posts\/109072","targetHints":{"allow":["GET"]}}],"collection":[{"href":"https:\/\/linitiative.ca\/International\/wp-json\/wp\/v2\/posts"}],"about":[{"href":"https:\/\/linitiative.ca\/International\/wp-json\/wp\/v2\/types\/post"}],"author":[{"embeddable":true,"href":"https:\/\/linitiative.ca\/International\/wp-json\/wp\/v2\/users\/1738"}],"replies":[{"embeddable":true,"href":"https:\/\/linitiative.ca\/International\/wp-json\/wp\/v2\/comments?post=109072"}],"version-history":[{"count":0,"href":"https:\/\/linitiative.ca\/International\/wp-json\/wp\/v2\/posts\/109072\/revisions"}],"wp:attachment":[{"href":"https:\/\/linitiative.ca\/International\/wp-json\/wp\/v2\/media?parent=109072"}],"wp:term":[{"taxonomy":"category","embeddable":true,"href":"https:\/\/linitiative.ca\/International\/wp-json\/wp\/v2\/categories?post=109072"},{"taxonomy":"post_tag","embeddable":true,"href":"https:\/\/linitiative.ca\/International\/wp-json\/wp\/v2\/tags?post=109072"}],"curies":[{"name":"wp","href":"https:\/\/api.w.org\/{rel}","templated":true}]}}