{"id":109073,"date":"2021-01-11T15:14:03","date_gmt":"2021-01-11T20:14:03","guid":{"rendered":"https:\/\/linitiative.ca\/International\/pros-ac-milan-pioli-annonce-une-bonne-nouvelle-pour-bennacer\/"},"modified":"2021-01-11T15:14:03","modified_gmt":"2021-01-11T20:14:03","slug":"pros-ac-milan-pioli-annonce-une-bonne-nouvelle-pour-bennacer","status":"publish","type":"post","link":"https:\/\/linitiative.ca\/International\/pros-ac-milan-pioli-annonce-une-bonne-nouvelle-pour-bennacer\/","title":{"rendered":"Pros : AC Milan: Pioli annonce une bonne nouvelle pour Bennacer"},"content":{"rendered":"<div readability=\"32\">\n<p>Auteur : <span>Riad O.<\/span> <span class=\"time\">lundi 11 janvier 2021 16:24<\/span><\/p>\n<\/div>\n<div id=\"post_core\" readability=\"38\">\n<p>Le premier responsable de la barre technique du Milan AC,\u00a0 Stefano Pioli a donn\u00e9 des nouvelles de son joueur Alg\u00e9rien, Isma\u00ebl Bennacer. Le technicien italien a indiqu\u00e9 que le meilleur joueur de la CAN 2019 sera de retour \u00e0 la comp\u00e9tition dans les tous prochains jours. Selon Stefano Pioli, Bennacer pourrait faire son retour \u00e0 la comp\u00e9tition lors du prochain jour du club lombard face \u00e0 Cagliari.<\/p>\n<p><u><strong>Riad O.<\/strong><\/u><\/p>\n<p><strong>Publi\u00e9 dans :<\/strong> <span>BENNACER<\/span><\/p>\n<\/div>\n<p>Auteur:<br \/>\n<a href=\"http:\/\/www.lebuteur.com\/article\/detail?titre=ac-milan-pioli-annonce-une-bonne-nouvelle-pour-bennacer&#038;id=98664&#038;utm_source=feedburner&#038;utm_medium=feed&#038;utm_campaign=Feed%3A+GalerieFArtciles+%28Les+derniers+articles++-+lebuteur.com%29\">Cliquez ici pour lire l&rsquo;article depuis sa source.<\/a><\/p>\n","protected":false},"excerpt":{"rendered":"<p>Auteur : Riad O. lundi 11 janvier 2021 16:24 Le premier responsable de la barre technique du Milan AC,\u00a0 Stefano Pioli a donn\u00e9 des nouvelles de son joueur Alg\u00e9rien, Isma\u00ebl Bennacer. Le technicien italien a indiqu\u00e9 que le meilleur joueur de la CAN 2019 sera de retour \u00e0 la comp\u00e9tition dans les tous prochains jours. [&hellip;]<\/p>\n","protected":false},"author":1738,"featured_media":0,"comment_status":"closed","ping_status":"closed","sticky":false,"template":"","format":"standard","meta":{"fifu_image_url":"\/\/cdn.lebuteur.com\/data\/images\/article\/thumbs\/large-ac-milan-pioli-annonce-une-bonne-nouvelle-pour-bennacer-82140.jpg","fifu_image_alt":"Pros : AC Milan: Pioli annonce une bonne nouvelle pour Bennacer","footnotes":""},"categories":[53,75],"tags":[],"class_list":["post-109073","post","type-post","status-publish","format-standard","hentry","category-algerie","category-sport"],"_links":{"self":[{"href":"https:\/\/linitiative.ca\/International\/wp-json\/wp\/v2\/posts\/109073","targetHints":{"allow":["GET"]}}],"collection":[{"href":"https:\/\/linitiative.ca\/International\/wp-json\/wp\/v2\/posts"}],"about":[{"href":"https:\/\/linitiative.ca\/International\/wp-json\/wp\/v2\/types\/post"}],"author":[{"embeddable":true,"href":"https:\/\/linitiative.ca\/International\/wp-json\/wp\/v2\/users\/1738"}],"replies":[{"embeddable":true,"href":"https:\/\/linitiative.ca\/International\/wp-json\/wp\/v2\/comments?post=109073"}],"version-history":[{"count":0,"href":"https:\/\/linitiative.ca\/International\/wp-json\/wp\/v2\/posts\/109073\/revisions"}],"wp:attachment":[{"href":"https:\/\/linitiative.ca\/International\/wp-json\/wp\/v2\/media?parent=109073"}],"wp:term":[{"taxonomy":"category","embeddable":true,"href":"https:\/\/linitiative.ca\/International\/wp-json\/wp\/v2\/categories?post=109073"},{"taxonomy":"post_tag","embeddable":true,"href":"https:\/\/linitiative.ca\/International\/wp-json\/wp\/v2\/tags?post=109073"}],"curies":[{"name":"wp","href":"https:\/\/api.w.org\/{rel}","templated":true}]}}