{"id":109074,"date":"2021-01-11T15:14:05","date_gmt":"2021-01-11T20:14:05","guid":{"rendered":"https:\/\/linitiative.ca\/International\/pros-bonne-nouvelle-pour-fares-2\/"},"modified":"2021-01-11T15:14:05","modified_gmt":"2021-01-11T20:14:05","slug":"pros-bonne-nouvelle-pour-fares-2","status":"publish","type":"post","link":"https:\/\/linitiative.ca\/International\/pros-bonne-nouvelle-pour-fares-2\/","title":{"rendered":"Pros : Bonne nouvelle pour Fares"},"content":{"rendered":"<div readability=\"32\">\n<p>Auteur : <span>Riad O.<\/span> <span class=\"time\">lundi 11 janvier 2021 16:34<\/span><\/p>\n<\/div>\n<div id=\"post_core\" readability=\"37\">\n<p>Absent lors des pr\u00e9c\u00e9dentes rencontres de son team, Mohamed Fares s\u2019est totalement remis de sa blessure. C\u2019est ce qu\u2019a r\u00e9v\u00e9l\u00e9 les r\u00e9cents testes m\u00e9dicaux effectu\u00e9 par la lat\u00e9ral gauche de la Lazio de Rome. Ainsi donc, Fares fera son grand retour \u00e0 la comp\u00e9tition lors du prochain derby face \u00e0 l\u2019AS Rome. Il est \u00e0 noter que le joueur de l\u2019EN va devoir cravacher dur pou retrouver sa place dans le onze de Simone Inzaghi.<\/p>\n<p><u><strong>Riad O.<\/strong><\/u><\/p>\n<p><strong>Publi\u00e9 dans :<\/strong> <span>Fares<\/span><\/p>\n<\/div>\n<p>Auteur:<br \/>\n<a href=\"http:\/\/www.lebuteur.com\/article\/detail?titre=bonne-nouvelle-pour-fares&#038;id=98665&#038;utm_source=feedburner&#038;utm_medium=feed&#038;utm_campaign=Feed%3A+GalerieFArtciles+%28Les+derniers+articles++-+lebuteur.com%29\">Cliquez ici pour lire l&rsquo;article depuis sa source.<\/a><\/p>\n","protected":false},"excerpt":{"rendered":"<p>Auteur : Riad O. lundi 11 janvier 2021 16:34 Absent lors des pr\u00e9c\u00e9dentes rencontres de son team, Mohamed Fares s\u2019est totalement remis de sa blessure. C\u2019est ce qu\u2019a r\u00e9v\u00e9l\u00e9 les r\u00e9cents testes m\u00e9dicaux effectu\u00e9 par la lat\u00e9ral gauche de la Lazio de Rome. Ainsi donc, Fares fera son grand retour \u00e0 la comp\u00e9tition lors du [&hellip;]<\/p>\n","protected":false},"author":1738,"featured_media":0,"comment_status":"closed","ping_status":"closed","sticky":false,"template":"","format":"standard","meta":{"fifu_image_url":"\/\/cdn.lebuteur.com\/data\/images\/article\/thumbs\/large-bonne-nouvelle-pour-fares-ba02d.jpg","fifu_image_alt":"Pros : Bonne nouvelle pour Fares","footnotes":""},"categories":[53,75],"tags":[],"class_list":["post-109074","post","type-post","status-publish","format-standard","hentry","category-algerie","category-sport"],"_links":{"self":[{"href":"https:\/\/linitiative.ca\/International\/wp-json\/wp\/v2\/posts\/109074","targetHints":{"allow":["GET"]}}],"collection":[{"href":"https:\/\/linitiative.ca\/International\/wp-json\/wp\/v2\/posts"}],"about":[{"href":"https:\/\/linitiative.ca\/International\/wp-json\/wp\/v2\/types\/post"}],"author":[{"embeddable":true,"href":"https:\/\/linitiative.ca\/International\/wp-json\/wp\/v2\/users\/1738"}],"replies":[{"embeddable":true,"href":"https:\/\/linitiative.ca\/International\/wp-json\/wp\/v2\/comments?post=109074"}],"version-history":[{"count":0,"href":"https:\/\/linitiative.ca\/International\/wp-json\/wp\/v2\/posts\/109074\/revisions"}],"wp:attachment":[{"href":"https:\/\/linitiative.ca\/International\/wp-json\/wp\/v2\/media?parent=109074"}],"wp:term":[{"taxonomy":"category","embeddable":true,"href":"https:\/\/linitiative.ca\/International\/wp-json\/wp\/v2\/categories?post=109074"},{"taxonomy":"post_tag","embeddable":true,"href":"https:\/\/linitiative.ca\/International\/wp-json\/wp\/v2\/tags?post=109074"}],"curies":[{"name":"wp","href":"https:\/\/api.w.org\/{rel}","templated":true}]}}