{"id":109075,"date":"2021-01-11T15:14:06","date_gmt":"2021-01-11T20:14:06","guid":{"rendered":"https:\/\/linitiative.ca\/International\/international-ol-visite-medicale-mardi-pour-islam-slimani\/"},"modified":"2021-01-11T15:14:06","modified_gmt":"2021-01-11T20:14:06","slug":"international-ol-visite-medicale-mardi-pour-islam-slimani","status":"publish","type":"post","link":"https:\/\/linitiative.ca\/International\/international-ol-visite-medicale-mardi-pour-islam-slimani\/","title":{"rendered":"International : OL : visite m\u00e9dicale mardi pour Islam Slimani"},"content":{"rendered":"<div readability=\"32\">\n<p>Auteur : <span class=\"time\">lundi 11 janvier 2021 17:43<\/span><\/p>\n<\/div>\n<div id=\"post_core\" readability=\"40\">\n<p>L&rsquo;Olympique Lyonnais touche au but pour Islam Slimani (32 ans). Le buteur international alg\u00e9rien (68 s\u00e9lections, 27 buts) passera ce mardi sa visite m\u00e9dicale, annonce Sky Sport en Italie. Si tout se passe sans encombre, le Fennec s&rsquo;engagera libre, apr\u00e8s la r\u00e9siliation de ses six derniers mois de contrat avec Leicester. Rudi Garcia tient donc le rempla\u00e7ant num\u00e9rique de Moussa Demb\u00e9l\u00e9 (24 ans), tout proche de rejoindre l&rsquo;Atl\u00e9tico de Madrid sous la forme d&rsquo;un pr\u00eat avec option d&rsquo;achat rapporte FootMercato.<\/p>\n<p><strong>Publi\u00e9 dans :<\/strong> <span>slimani<\/span><\/p>\n<\/div>\n<p>Auteur:<br \/>\n<a href=\"http:\/\/www.lebuteur.com\/article\/detail?titre=ol-visite-medicale-mardi-pour-islam-slimani&#038;id=98666&#038;utm_source=feedburner&#038;utm_medium=feed&#038;utm_campaign=Feed%3A+GalerieFArtciles+%28Les+derniers+articles++-+lebuteur.com%29\">Cliquez ici pour lire l&rsquo;article depuis sa source.<\/a><\/p>\n","protected":false},"excerpt":{"rendered":"<p>Auteur : lundi 11 janvier 2021 17:43 L&rsquo;Olympique Lyonnais touche au but pour Islam Slimani (32 ans). Le buteur international alg\u00e9rien (68 s\u00e9lections, 27 buts) passera ce mardi sa visite m\u00e9dicale, annonce Sky Sport en Italie. Si tout se passe sans encombre, le Fennec s&rsquo;engagera libre, apr\u00e8s la r\u00e9siliation de ses six derniers mois de [&hellip;]<\/p>\n","protected":false},"author":1738,"featured_media":0,"comment_status":"closed","ping_status":"closed","sticky":false,"template":"","format":"standard","meta":{"fifu_image_url":"\/\/cdn.lebuteur.com\/data\/images\/article\/thumbs\/large-ol-visite-medicale-mardi-pour-islam-slimani-7b21a.jpg","fifu_image_alt":"International : OL : visite m\u00e9dicale mardi pour Islam Slimani","footnotes":""},"categories":[53,75],"tags":[],"class_list":["post-109075","post","type-post","status-publish","format-standard","hentry","category-algerie","category-sport"],"_links":{"self":[{"href":"https:\/\/linitiative.ca\/International\/wp-json\/wp\/v2\/posts\/109075","targetHints":{"allow":["GET"]}}],"collection":[{"href":"https:\/\/linitiative.ca\/International\/wp-json\/wp\/v2\/posts"}],"about":[{"href":"https:\/\/linitiative.ca\/International\/wp-json\/wp\/v2\/types\/post"}],"author":[{"embeddable":true,"href":"https:\/\/linitiative.ca\/International\/wp-json\/wp\/v2\/users\/1738"}],"replies":[{"embeddable":true,"href":"https:\/\/linitiative.ca\/International\/wp-json\/wp\/v2\/comments?post=109075"}],"version-history":[{"count":0,"href":"https:\/\/linitiative.ca\/International\/wp-json\/wp\/v2\/posts\/109075\/revisions"}],"wp:attachment":[{"href":"https:\/\/linitiative.ca\/International\/wp-json\/wp\/v2\/media?parent=109075"}],"wp:term":[{"taxonomy":"category","embeddable":true,"href":"https:\/\/linitiative.ca\/International\/wp-json\/wp\/v2\/categories?post=109075"},{"taxonomy":"post_tag","embeddable":true,"href":"https:\/\/linitiative.ca\/International\/wp-json\/wp\/v2\/tags?post=109075"}],"curies":[{"name":"wp","href":"https:\/\/api.w.org\/{rel}","templated":true}]}}