{"id":109088,"date":"2021-01-11T11:43:07","date_gmt":"2021-01-11T16:43:07","guid":{"rendered":"https:\/\/linitiative.ca\/International\/le-11-janvier-1944-une-date-symbolique-et-un-tournant-historique-pour-le-maroc\/"},"modified":"2021-01-11T11:43:07","modified_gmt":"2021-01-11T16:43:07","slug":"le-11-janvier-1944-une-date-symbolique-et-un-tournant-historique-pour-le-maroc","status":"publish","type":"post","link":"https:\/\/linitiative.ca\/International\/le-11-janvier-1944-une-date-symbolique-et-un-tournant-historique-pour-le-maroc\/","title":{"rendered":"Le 11 Janvier 1944, une date symbolique et un tournant historique pour le Maroc"},"content":{"rendered":"<p><strong>Il y\u2019a exactement 77 ans jour pour jour, le 11 Janvier 1944, que les Marocains ont fait preuve d\u2019engagement envers leur pays. Nous c\u00e9l\u00e9brons aujourd\u2019hui le 75\u00e8me anniversaire du Manifeste de l\u2019Ind\u00e9pendance du Maroc.<\/strong><\/p>\n<div class=\"c10\"\/>\n<p>Le 11 janvier est en effet une date primordiale pour les marocains dans les ann\u00e9es 1940 et un tournant dans l\u2019histoire du Royaume d\u2019Afrique du Nord qui \u00e0 l\u2019\u00e9poque \u00e9tait soumis au Protectorat Fran\u00e7ais. Aujourd\u2019hui, nous c\u00e9l\u00e9brons le jour de la proclamation de l\u2019ind\u00e9pendance, en comm\u00e9morant la remise d\u2019un manifeste qui a \u00e9t\u00e9 sign\u00e9 par 70 nationalistes. Cette journ\u00e9e est \u00e9galement une occasion importante de faire la lumi\u00e8re sur la lutte nationale contre l\u2019occupation fran\u00e7aise qui a \u00e9t\u00e9 men\u00e9e par le parti de l\u2019Istiqlal (Ind\u00e9pendance) cr\u00e9\u00e9 en 1943 ainsi que tant d\u2019autres nationalistes et r\u00e9sistants.<\/p>\n<p><strong>Lire aussi | <a href=\"https:\/\/www.challenge.ma\/voici-les-25-pays-les-plus-intelligents-au-monde-171525\/\">Voici les 25 pays les plus \u00ab intelligents \u00bb au monde<\/a><\/strong><\/p>\n<p>Le 11 janvier 1944, le parti de l\u2019Istiqlal, r\u00e9cemment form\u00e9, avait r\u00e9dig\u00e9 un manifeste demandant la pleine ind\u00e9pendance du Maroc. La lutte du parti contre le protectorat fran\u00e7ais s\u2019est poursuivie tout au long des ann\u00e9es, m\u00eame apr\u00e8s l\u2019exil du sultan Mohammed ben Youssef. D\u00e9termin\u00e9s \u00e0 rendre le Maroc libre, 67 membres du mouvement national marocain ont sign\u00e9 le Manifeste de l\u2019ind\u00e9pendance en janvier 1944. Ce document a ensuite \u00e9t\u00e9 remis aux autorit\u00e9s coloniales et aux repr\u00e9sentations de trois puissances, les \u00c9tats-Unis, la Grande-Bretagne et l\u2019ex-Union sovi\u00e9tique.<\/p>\n<p>Le Manifeste d\u2019ind\u00e9pendance, dans lequel le Maroc r\u00e9clamait la libert\u00e9, exprimait le refus cat\u00e9gorique des marocains de continuer \u00e0 vivre sous le protectorat des colonisateurs. Le document comprenait des exigences de politique g\u00e9n\u00e9rale, dont l\u2019ind\u00e9pendance totale ainsi que l\u2019int\u00e9grit\u00e9 territoriale du pays. Bien que le Maroc n\u2019ait obtenu sa pleine ind\u00e9pendance qu\u2019en 1956, et plus pr\u00e9cis\u00e9ment le 2 Mars 1956, la proclamation de l\u2019ind\u00e9pendance dans le manifeste est consid\u00e9r\u00e9e comme une date cl\u00e9 dans la lutte du Maroc pour l\u2019ind\u00e9pendance.<\/p>\n<p><strong>Lire aussi | <a href=\"https:\/\/www.challenge.ma\/dakhla-une-delegation-americaine-de-haut-niveau-visite-les-locaux-du-futur-consulat-general-us-171535\/\">Dakhla : une d\u00e9l\u00e9gation am\u00e9ricaine de haut niveau visite les locaux du futur consulat g\u00e9n\u00e9ral US [Diaporama]<\/a><\/strong><\/p>\n<p>La comm\u00e9moration de ces \u00e9v\u00e9nements renforce la fiert\u00e9 nationale et comm\u00e9more le sacrifice et la d\u00e9termination n\u00e9cessaires pour retrouver l\u2019int\u00e9grit\u00e9 territoriale et l\u2019ind\u00e9pendance totale. D\u2019ailleurs, cette ann\u00e9e, la comm\u00e9moration de ce manifeste s\u2019inscrit dans un cadre particulier, marqu\u00e9 par une mobilisation et un dynamisme national accrus sur la question du Sahara. En 2020, le Royaume a en effet r\u00e9alis\u00e9 un succ\u00e8s diplomatique important, o\u00f9 la communaut\u00e9 internationale, notamment suite \u00e0 l\u2019annonce de Donald Trump et l\u2019ouverture hier du consulat am\u00e9ricain \u00e0 Dakhla, a exprim\u00e9 son soutien \u00e0 la marocanit\u00e9 du Sahara et \u00e0 l\u2019initiative marocaine d\u2019autonomie comme la meilleure voie vers une solution d\u00e9finitive.<\/p>\n<div class=\"vw-sticky-sidebar-wrapper vw-sticky-sidebar widget_text awac-wrapper widget_text awac widget custom_html-4 textwidget custom-html-widget\">\n<p class=\"has-background c12\"><span class=\"widget-title c11\">Tribune et D\u00e9bats<\/span><\/p>\n<p>La tribune qui vous parle d\u2019une actu, d\u2019un sujet qui fait d\u00e9bat, les traite et les analyse. \u00c9conomistes et autres experts, patrons d\u2019entreprises, d\u00e9cideurs, acteurs de la soci\u00e9t\u00e9 civile, s\u2019y prononcent et contribuent \u00e0 sa grande richesse. Vous avez votre opinion, convergente ou diff\u00e9rente. Exprimez-la et mesurez-vous ainsi \u00e0 nos tribuns et d\u00e9batteurs.<\/p>\n<p>Envoyez vos analyses \u00e0 : <a href=\"\/cdn-cgi\/l\/email-protection#12717d7c6673716652717a737e7e777c75773c7f73\"><span class=\"__cf_email__\" data-cfemail=\"dcbfb3b2a8bdbfa89cbfb4bdb0b0b9b2bbb9f2b1bd\">[email\u00a0protected]<\/span><\/a>, en pr\u00e9cisant votre nom, votre pr\u00e9nom et votre m\u00e9tier.<\/p>\n<\/div>\n<p>Auteur: Amine Messaoudi<br \/>\n<a href=\"https:\/\/www.challenge.ma\/le-11-janvier-1944-une-date-symbolique-et-un-tournant-historique-pour-le-maroc-171665\/\">Cliquez ici pour lire l&rsquo;article depuis sa source.<\/a><\/p>\n","protected":false},"excerpt":{"rendered":"<p>Il y\u2019a exactement 77 ans jour pour jour, le 11 Janvier 1944, que les Marocains ont fait preuve d\u2019engagement envers leur pays. Nous c\u00e9l\u00e9brons aujourd\u2019hui le 75\u00e8me anniversaire du Manifeste de l\u2019Ind\u00e9pendance du Maroc. Le 11 janvier est en effet une date primordiale pour les marocains dans les ann\u00e9es 1940 et un tournant dans l\u2019histoire [&hellip;]<\/p>\n","protected":false},"author":1787,"featured_media":0,"comment_status":"closed","ping_status":"closed","sticky":false,"template":"","format":"standard","meta":{"fifu_image_url":"","fifu_image_alt":"","footnotes":""},"categories":[78,54],"tags":[],"class_list":["post-109088","post","type-post","status-publish","format-standard","hentry","category-economie","category-maroc"],"_links":{"self":[{"href":"https:\/\/linitiative.ca\/International\/wp-json\/wp\/v2\/posts\/109088","targetHints":{"allow":["GET"]}}],"collection":[{"href":"https:\/\/linitiative.ca\/International\/wp-json\/wp\/v2\/posts"}],"about":[{"href":"https:\/\/linitiative.ca\/International\/wp-json\/wp\/v2\/types\/post"}],"author":[{"embeddable":true,"href":"https:\/\/linitiative.ca\/International\/wp-json\/wp\/v2\/users\/1787"}],"replies":[{"embeddable":true,"href":"https:\/\/linitiative.ca\/International\/wp-json\/wp\/v2\/comments?post=109088"}],"version-history":[{"count":0,"href":"https:\/\/linitiative.ca\/International\/wp-json\/wp\/v2\/posts\/109088\/revisions"}],"wp:attachment":[{"href":"https:\/\/linitiative.ca\/International\/wp-json\/wp\/v2\/media?parent=109088"}],"wp:term":[{"taxonomy":"category","embeddable":true,"href":"https:\/\/linitiative.ca\/International\/wp-json\/wp\/v2\/categories?post=109088"},{"taxonomy":"post_tag","embeddable":true,"href":"https:\/\/linitiative.ca\/International\/wp-json\/wp\/v2\/tags?post=109088"}],"curies":[{"name":"wp","href":"https:\/\/api.w.org\/{rel}","templated":true}]}}