{"id":109089,"date":"2021-01-11T14:37:20","date_gmt":"2021-01-11T19:37:20","guid":{"rendered":"https:\/\/linitiative.ca\/International\/intemperies-a-casablanca-visite-de-terrain-du-wali-de-la-region\/"},"modified":"2021-01-11T14:37:20","modified_gmt":"2021-01-11T19:37:20","slug":"intemperies-a-casablanca-visite-de-terrain-du-wali-de-la-region","status":"publish","type":"post","link":"https:\/\/linitiative.ca\/International\/intemperies-a-casablanca-visite-de-terrain-du-wali-de-la-region\/","title":{"rendered":"Intemp\u00e9ries \u00e0 Casablanca : visite de terrain du Wali de la r\u00e9gion"},"content":{"rendered":"<p><strong>Les pluies torrentielles qui se sont abattues sur la capitale \u00e9conomique du royaume ces derniers jours ont provoqu\u00e9 d\u2019importants d\u00e9g\u00e2ts mat\u00e9riels dans plusieurs quartiers. Dans le but de s\u2019enqu\u00e9rir de la situation, le Wali de la r\u00e9gion de Casablanca\u2013Settat, Gouverneur de la pr\u00e9fecture de Casablanca, Said Ahmidouch, s\u2019est rendu, le 11 janvier, \u00e0 la t\u00eate d\u2019une d\u00e9l\u00e9gation officielle, sur plusieurs lieux impact\u00e9s par les pluies torrentielles. Les d\u00e9tails.<\/strong><\/p>\n<div class=\"c10\"\/>\n<p>On apprend que Said Ahmidouch, qui \u00e9t\u00e9 notamment accompagn\u00e9 du gouverneur de la pr\u00e9fecture de Nouaceur, a visit\u00e9 les communes de Bouskoura, Ouled Azzouz et Dar Bouazza. Notons que la d\u00e9l\u00e9gation a pu constater les d\u00e9g\u00e2ts et pertes mat\u00e9riaux au niveau de l\u2019Oued Bouskoura, la route nationale N1, la route r\u00e9gionale 320, outre les d\u00e9g\u00e2ts subis aux niveaux des r\u00e9sidences Alfath (Ouled Hmed) et Attawhid (Arrahma). Pour sa part, le directeur ma\u00eetrise d\u2019ouvrage en charge de la planification, \u00e9tudes et travaux \u00e0 la Lydec, Saad Azzaoui, a indiqu\u00e9 que la soci\u00e9t\u00e9 a mobilis\u00e9 les engins, les pompes et les ressources humains n\u00e9cessaires pour d\u00e9gager les eaux entravant la circulation et limiter l\u2019impact sur les populations qui habitent pr\u00e8s des points noirs.<\/p>\n<p><strong>Lire aussi| <a href=\"https:\/\/www.challenge.ma\/dakhla-une-delegation-americaine-de-haut-niveau-visite-les-locaux-du-futur-consulat-general-us-171535\/\">Dakhla : une d\u00e9l\u00e9gation am\u00e9ricaine de haut niveau visite les locaux du futur consulat g\u00e9n\u00e9ral US [Diaporama]<\/a><\/strong><\/p>\n<p>Il a \u00e9galement pass\u00e9 en revue plusieurs suggestions urgentes pour faire face \u00e0 la situation, notamment la programmation de budget suppl\u00e9mentaire pour des solutions efficaces en vue d\u2019\u00e9viter les r\u00e9percussions n\u00e9gatives des pr\u00e9cipitations pluviom\u00e9triques. De son c\u00f4t\u00e9, le directeur provincial de Lydec au niveau des pr\u00e9fectures de Ain Chock, Hay Hassani et Nouaceur, Mohamed Machhouri, a rappel\u00e9 que la cellule de crises a \u00e9t\u00e9 d\u00e9clench\u00e9e juste apr\u00e8s la publication du bulletin sp\u00e9cial pour mobiliser les \u00e9quipes des interventions et les engins n\u00e9cessaires pour faire face aux inondations.<\/p>\n<p><strong>Lire aussi| <a href=\"https:\/\/www.challenge.ma\/abdelaziz-maalmi-directeur-general-de-la-societe-marocaine-de-lautomobile-allemande-smaa-nous-avons-a-coeur-de-satisfaire-notre-clientele-171639\/\">Abdelaziz Maalmi: \u00ab\u00a0nous avons \u00e0 c\u0153ur de satisfaire notre client\u00e8le\u00a0\u00bb<\/a><\/strong><\/p>\n<p>Pour lui, les fortes inondations qu\u2019a subi la m\u00e9tropole sont dues aux fortes pr\u00e9cipitations dont le volume a d\u00e9pass\u00e9 les 220 mm, soit 60% des pr\u00e9cipitations enregistr\u00e9es annuellement. Pour rappel, Said Ahmidouch, avait visit\u00e9, samedi, plusieurs zones impact\u00e9es par les pluies diluviennes et a \u00e9galement rendu visite \u00e0 des familles sinistr\u00e9es.<\/p>\n<p>Auteur: challenge<br \/>\n<a href=\"https:\/\/www.challenge.ma\/intemperies-a-casablanca-visite-de-terrain-du-wali-de-la-region-171692\/\">Cliquez ici pour lire l&rsquo;article depuis sa source.<\/a><\/p>\n","protected":false},"excerpt":{"rendered":"<p>Les pluies torrentielles qui se sont abattues sur la capitale \u00e9conomique du royaume ces derniers jours ont provoqu\u00e9 d\u2019importants d\u00e9g\u00e2ts mat\u00e9riels dans plusieurs quartiers. Dans le but de s\u2019enqu\u00e9rir de la situation, le Wali de la r\u00e9gion de Casablanca\u2013Settat, Gouverneur de la pr\u00e9fecture de Casablanca, Said Ahmidouch, s\u2019est rendu, le 11 janvier, \u00e0 la t\u00eate [&hellip;]<\/p>\n","protected":false},"author":1787,"featured_media":0,"comment_status":"closed","ping_status":"closed","sticky":false,"template":"","format":"standard","meta":{"fifu_image_url":"","fifu_image_alt":"","footnotes":""},"categories":[78,54],"tags":[],"class_list":["post-109089","post","type-post","status-publish","format-standard","hentry","category-economie","category-maroc"],"_links":{"self":[{"href":"https:\/\/linitiative.ca\/International\/wp-json\/wp\/v2\/posts\/109089","targetHints":{"allow":["GET"]}}],"collection":[{"href":"https:\/\/linitiative.ca\/International\/wp-json\/wp\/v2\/posts"}],"about":[{"href":"https:\/\/linitiative.ca\/International\/wp-json\/wp\/v2\/types\/post"}],"author":[{"embeddable":true,"href":"https:\/\/linitiative.ca\/International\/wp-json\/wp\/v2\/users\/1787"}],"replies":[{"embeddable":true,"href":"https:\/\/linitiative.ca\/International\/wp-json\/wp\/v2\/comments?post=109089"}],"version-history":[{"count":0,"href":"https:\/\/linitiative.ca\/International\/wp-json\/wp\/v2\/posts\/109089\/revisions"}],"wp:attachment":[{"href":"https:\/\/linitiative.ca\/International\/wp-json\/wp\/v2\/media?parent=109089"}],"wp:term":[{"taxonomy":"category","embeddable":true,"href":"https:\/\/linitiative.ca\/International\/wp-json\/wp\/v2\/categories?post=109089"},{"taxonomy":"post_tag","embeddable":true,"href":"https:\/\/linitiative.ca\/International\/wp-json\/wp\/v2\/tags?post=109089"}],"curies":[{"name":"wp","href":"https:\/\/api.w.org\/{rel}","templated":true}]}}