{"id":109091,"date":"2021-01-11T16:29:44","date_gmt":"2021-01-11T21:29:44","guid":{"rendered":"https:\/\/linitiative.ca\/International\/tunisie-risque-de-report-du-remaniement-qui-sannonce-plus-difficile-que-prevu\/"},"modified":"2021-01-11T16:29:44","modified_gmt":"2021-01-11T21:29:44","slug":"tunisie-risque-de-report-du-remaniement-qui-sannonce-plus-difficile-que-prevu","status":"publish","type":"post","link":"https:\/\/linitiative.ca\/International\/tunisie-risque-de-report-du-remaniement-qui-sannonce-plus-difficile-que-prevu\/","title":{"rendered":"Tunisie \u2013 Risque de report du remaniement qui s\u2019annonce plus difficile que pr\u00e9vu"},"content":{"rendered":"<div class=\"post-cont-in left relative\">\n<div id=\"post-info-wrap\" class=\"left relative post-info-out\">\n<div class=\"post-info-img left relative\"><img loading=\"lazy\" decoding=\"async\" alt=\"\" src=\"https:\/\/secure.gravatar.com\/avatar\/9f10b5e5a102bf8cc0ebfb84f5ab5652?s=50&amp;d=mm&amp;r=g\" srcset=\"https:\/\/secure.gravatar.com\/avatar\/9f10b5e5a102bf8cc0ebfb84f5ab5652?s=100&amp;d=mm&amp;r=g 2x\" class=\"avatar avatar-50 photo\" height=\"50\" width=\"50\"\/><\/div>\n<div class=\"post-info-in\">\n<div class=\"post-info-right left relative post-info-name left relative\"><span><span class=\"post-info-text\">Par<\/span> <span class=\"author-name vcard fn author\"><a href=\"https:\/\/www.tunisienumerique.com\/author\/ramsis\/\" title=\"Articles par Ramsis\" rel=\"author\">Ramsis<\/a><\/span><\/span> <span class=\"post-date updated\"><time class=\"post-date updated\" datetime=\"2021-01-11\">\u00a0| Il y a 3 minutes<\/time><\/span><\/div>\n<div class=\"left relative\"><button id=\"listenButton1\" class=\"responsivevoice-button\" type=\"button\" value=\"Play\" title=\"&#xC9;coutez l'article\"><span>\ud83d\udd0a \u00c9coutez l&rsquo;article<\/span><\/button> <\/div>\n<\/div>\n<\/div>\n<p>Le chef du gouvernement, Hichem Mechichi, s\u2019est retrouv\u00e9 dans une situation qui risque de se bloquer \u00e0 tout moment. Et les chances du remaniement minist\u00e9riel qu\u2019il est en train de pr\u00e9parer deviennent chaque jour un peu plus minces.<\/p>\n<div class=\"code-block code-block-1 c4\"><ins class=\"adsbygoogle c3\" data-ad-layout=\"in-article\" data-ad-format=\"fluid\" data-ad-client=\"ca-pub-2102118777505746\" data-ad-slot=\"7301775417\"\/> <\/div>\n<p>En effet, Mechichi s\u2019est heurt\u00e9, mais c\u2019\u00e9tait pr\u00e9visible, \u00e0 un v\u00e9to du pr\u00e9sident de la R\u00e9publique, m\u00eame s\u2019il na pas \u00e9t\u00e9 officiellement annonc\u00e9. Mais Sa\u00efed a d\u00e9plor\u00e9, ce lundi qu\u2019il n\u2019ait pas \u00e9t\u00e9 consult\u00e9 pour cette op\u00e9ration.<\/p>\n<p>Par ailleurs, les choses ont connu un s\u00e9rieux revirement, ce lundi, en rapport avec le soutien politique de Mechichi au sein de l\u2019ARP. L\u2019un des principaux partis constituant ce soutien a, en effet, annonc\u00e9 qu\u2019il n\u2019\u00e9tait plus d\u2019accord avec le chef du gouvernement concernant ce remaniement. Alors que tout le monde sait que 9alb Tounes est d\u00e9pit\u00e9 parce que Mechichi a refus\u00e9 de lui accorder le portefeuille qu\u2019il voulait dans la nouvelle \u00e9quipe, ses d\u00e9put\u00e9s pr\u00e9tendent qu\u2019ils ne sont plus sur la m\u00eame longueur d\u2019onde avec Mechichi parce qu\u2019il a divis\u00e9 des d\u00e9partements. Ce qui signifie des ministres en plus, en cette p\u00e9riode de crise. Et c\u2019est, donc, reparti pour de nouveau rounds de n\u00e9gociations qui s\u2019annoncent encore plus ardus que tout ce qui a \u00e9t\u00e9 fait.<\/p>\n<p>Mechichi se trouve, ainsi, pris en \u00e9tau entre les principales composantes de son soutien politique\u00a0: Ennahdha qui exige un remaniement, au moins pour se d\u00e9barrasser des ministres de Ka\u00efs Sa\u00efed, et 9alb Tounes qui refuse, d\u00e9sormais ce remaniement s\u2019il n\u2019obtient pas le portefeuille qu\u2019il exige. Et pour compliquer un peu plus la donne, le pr\u00e9sident de la R\u00e9publique, soutenu par une grande composante de l\u2019ARP assure qu\u2019il n\u2019est au courant de rien et qu\u2019il n\u2019a pas \u00e9t\u00e9 consult\u00e9.<\/p>\n<p>Devant cette situation, et si Mechichi n\u2019est plus sur d\u2019obtenir la confiance de l\u2019ARP pour sa nouvelle \u00e9quipe, il est plus que probable qu\u2019il d\u00e9cide de reporter son annonce en attendant d\u2019en arrondir les angles pour qu\u2019il puisse aboutir sans encombres. Entretemps, il est en train de perde un temps pr\u00e9cieux, car il ne faut pas oublier l\u2019\u00e9ch\u00e9ance du d\u00e9but du dialogue national, pr\u00e9vue pour dans trois mois, qui va, probablement, mettre un terme \u00e0 sa mission.<\/p>\n<div class=\"swp_social_panel swp_horizontal_panel swp_flat_fresh swp_default_full_color swp_individual_full_color swp_other_full_color scale-100 scale-\" data-min-width=\"1100\" data-float-color=\"#ffffff\" data-float=\"bottom\" data-float-mobile=\"bottom\" data-transition=\"slide\">\n<div class=\"nc_tweetContainer swp_share_button total_shares total_sharesalt\"><span class=\"swp_count\">0 <span class=\"swp_label\">Partages<\/span><\/span><\/div>\n<\/div>\n<p><strong>Que se passe-t-il en Tunisie?<\/strong><br \/>Nous expliquons sur notre <a href=\"https:\/\/www.youtube.com\/channel\/UCRzypVq0B_yBad5eGrwBx0Q?sub_confirmation=1\" target=\"_blank\" rel=\"noopener\">cha\u00eene YouTube<\/a> . <a href=\"https:\/\/www.youtube.com\/channel\/UCRzypVq0B_yBad5eGrwBx0Q?sub_confirmation=1\" target=\"_blank\" rel=\"noopener\">Abonnez-vous!<\/a><\/p>\n<div class=\"mvp-org-wrap mvp-org-logo\" itemprop=\"publisher\"><img decoding=\"async\" src=\"https:\/\/www.tunisienumerique.com\/wp-content\/uploads\/2017\/02\/logo_tunisie_numerique.png\"\/><\/div>\n<div class=\"mvp-related-posts left relative\">\n<h4 class=\"post-header\"><span class=\"post-header\">Lire aussi<\/span><\/h4>\n<\/div>\n<div id=\"article-ad\"><ins class=\"adsbygoogle c5\" data-ad-client=\"ca-pub-2102118777505746\" data-ad-slot=\"6513972734\" data-ad-format=\"auto\" data-full-width-responsive=\"true\"\/> <\/div>\n<\/div>\n<div id=\"post-sidebar-wrap\"><ins class=\"adsbygoogle c5\" data-ad-client=\"ca-pub-2102118777505746\" data-ad-slot=\"6168283410\" data-ad-format=\"auto\" data-full-width-responsive=\"true\"\/> <\/div>\n<p>Auteur: Ramsis<br \/>\n<a href=\"https:\/\/www.tunisienumerique.com\/tunisie-risque-de-report-du-remaniement-qui-sannonce-plus-difficile-que-prevu\/\">Cliquez ici pour lire l&rsquo;article depuis sa source.<\/a><\/p>\n","protected":false},"excerpt":{"rendered":"<p>Par Ramsis \u00a0| Il y a 3 minutes \ud83d\udd0a \u00c9coutez l&rsquo;article Le chef du gouvernement, Hichem Mechichi, s\u2019est retrouv\u00e9 dans une situation qui risque de se bloquer \u00e0 tout moment. Et les chances du remaniement minist\u00e9riel qu\u2019il est en train de pr\u00e9parer deviennent chaque jour un peu plus minces. En effet, Mechichi s\u2019est heurt\u00e9, mais [&hellip;]<\/p>\n","protected":false},"author":1789,"featured_media":0,"comment_status":"closed","ping_status":"closed","sticky":false,"template":"","format":"standard","meta":{"fifu_image_url":"https:\/\/secure.gravatar.com\/avatar\/9f10b5e5a102bf8cc0ebfb84f5ab5652?s=50&d=mm&r=g","fifu_image_alt":"Tunisie \u2013 Risque de report du remaniement qui s\u2019annonce plus difficile que pr\u00e9vu","footnotes":""},"categories":[73,55],"tags":[],"class_list":["post-109091","post","type-post","status-publish","format-standard","hentry","category-actualite","category-tunisie"],"_links":{"self":[{"href":"https:\/\/linitiative.ca\/International\/wp-json\/wp\/v2\/posts\/109091","targetHints":{"allow":["GET"]}}],"collection":[{"href":"https:\/\/linitiative.ca\/International\/wp-json\/wp\/v2\/posts"}],"about":[{"href":"https:\/\/linitiative.ca\/International\/wp-json\/wp\/v2\/types\/post"}],"author":[{"embeddable":true,"href":"https:\/\/linitiative.ca\/International\/wp-json\/wp\/v2\/users\/1789"}],"replies":[{"embeddable":true,"href":"https:\/\/linitiative.ca\/International\/wp-json\/wp\/v2\/comments?post=109091"}],"version-history":[{"count":0,"href":"https:\/\/linitiative.ca\/International\/wp-json\/wp\/v2\/posts\/109091\/revisions"}],"wp:attachment":[{"href":"https:\/\/linitiative.ca\/International\/wp-json\/wp\/v2\/media?parent=109091"}],"wp:term":[{"taxonomy":"category","embeddable":true,"href":"https:\/\/linitiative.ca\/International\/wp-json\/wp\/v2\/categories?post=109091"},{"taxonomy":"post_tag","embeddable":true,"href":"https:\/\/linitiative.ca\/International\/wp-json\/wp\/v2\/tags?post=109091"}],"curies":[{"name":"wp","href":"https:\/\/api.w.org\/{rel}","templated":true}]}}