{"id":109095,"date":"2021-01-11T15:21:47","date_gmt":"2021-01-11T20:21:47","guid":{"rendered":"https:\/\/linitiative.ca\/International\/course-aux-vaccins-anti-covid-19\/"},"modified":"2021-01-11T15:21:47","modified_gmt":"2021-01-11T20:21:47","slug":"course-aux-vaccins-anti-covid-19","status":"publish","type":"post","link":"https:\/\/linitiative.ca\/International\/course-aux-vaccins-anti-covid-19\/","title":{"rendered":"COURSE AUX VACCINS ANTI-COVID-19"},"content":{"rendered":"<p class=\"c4\"><em>Le 11 janvier 2020, la Covid-19 faisait sa premi\u00e8re victime, un Chinois de 61 ans, fr\u00e9quentant r\u00e9guli\u00e8rement le march\u00e9 de Wuhan, premier foyer de l\u2019\u00e9pid\u00e9mie. Diff\u00e9rentes th\u00e9ories par la suite vont \u00eatre \u00e9mises, pour connaitre le suppos\u00e9 ou r\u00e9el animal responsable de la transmission de la maladie \u00e0 l\u2019Homme. Depuis, les experts multiplient les rencontres afin de stopper cette vague d\u00e9ferlante de souffrances et de morts. A ce jour, le d\u00e9compte macabre s\u2019\u00e9l\u00e8ve \u00e0 pr\u00e8s de 2 millions de morts.<\/em><br \/><em>D\u2019ores et d\u00e9j\u00e0, il se pose deux questions essentielles : comment trouver un rem\u00e8de efficace pour soigner la maladie ? Comment trouver et administrer des vaccins anti-Covid-19 aux populations afin de freiner la progression de la pand\u00e9mie ?<\/em> <em>En ce qui concerne la premi\u00e8re question, on a souvent l\u2019impression que les sp\u00e9cialistes, eux-m\u00eames, ne s\u2019entendent pas. Par exemple, au Burkina Faso, le Conseil national de l\u2019Ordre des m\u00e9decins a traduit devant les instances disciplinaires, des membres d\u2019une institution qui a publi\u00e9 les r\u00e9sultats d\u2019essais cliniques sur l\u2019Apivirine, en vue d\u2019en d\u00e9montrer l\u2019efficacit\u00e9 et l\u2019innocuit\u00e9, dans le traitement curatif de la Covid-19. Une partie de l\u2019opinion condamne fermement cette indiscipline notoire pr\u00e9sum\u00e9e. A juste titre d\u2019ailleurs ! Cependant, d\u2019autres s\u2019interrogent sur l\u2019opportunit\u00e9 d\u2019une telle action judiciaire dont la l\u00e9gitimit\u00e9 et la l\u00e9galit\u00e9 pourraient dissimuler quelques r\u00e8glements de comptes entre experts. Ce qui est prioritairement attendu des chercheurs burkinab\u00e8, n\u2019est-ce pas plut\u00f4t des solutions concr\u00e8tes, rapides et efficaces contre la pand\u00e9mie ?<\/em> <em>En ce qui concerne la deuxi\u00e8me question relative \u00e0 la course \u00e0 la vaccination, rappelons que les pays d\u00e9velopp\u00e9s ont d\u00e9marr\u00e9 d\u00e9j\u00e0 leurs campagnes tous azimuts.<\/em><\/p>\n<p class=\"c6\"><strong><em>Au principe du \u00ab\u00a0chacun pour soi\u00a0\u00bb, il faut adjoindre celui du \u00ab\u00a0chacun chez soi\u00a0\u00bb<\/em><\/strong><\/p>\n<p class=\"c4\"><em>En Europe comme aux Etats-Unis et dans une certaine mesure en Asie, les grands moyens sont d\u00e9ploy\u00e9s \u00e0 cet effet, tant et si bien que l\u2019Organisation mondiale de la sant\u00e9 (OMS) craint un \u00ab chacun pour soi \u00bb, qui p\u00e9naliserait les pays pauvres. Il est temps de comprendre que la mise \u00e0 disposition des pr\u00e9cieuses doses, ne peut avoir un impact r\u00e9el au niveau plan\u00e9taire, si les pays africains n\u2019arrivent pas \u00e0 suivre la cadence. Ou alors, au principe du \u00ab chacun pour soi \u00bb, il faut adjoindre celui du \u00ab chacun chez soi \u00bb. Car, si une partie de la plan\u00e8te n\u2019est pas prot\u00e9g\u00e9e par la vaccination, il est temps de revoir les r\u00e9glementations en mati\u00e8re de mobilit\u00e9 des populations.<\/em> <em>Quel est le sort du continent africain face \u00e0 la multiplicit\u00e9 des vaccins anti-Covid-19 ? Selon l\u2019agence onusienne, parmi les 47 pays de la r\u00e9gion Afrique de l\u2019OMS, \u00ab seulement pr\u00e8s du quart disposent de plans ad\u00e9quats pour les ressources et le financement \u00bb. L\u2019OMS esp\u00e8re atteindre pour les pays africains, une couverture vaccinale de 3% d\u2019ici mars 2021, et de 20% d\u2019ici \u00e0 2022. Aussi certains pays africains ont-ils opt\u00e9 pour le bilat\u00e9ralisme. Les pays proches de la Chine n\u00e9gocieraient avec elle, la mise \u00e0 disposition du vaccin chinois Sinopharm. D\u2019autres, proches de la Russie, esp\u00e8rent obtenir des doses du vaccin Spoutnik-V. Quand est-ce que l\u2019Afrique pourra disposer d\u2019un vaccin de son propre label ? Ce n\u2019est pas un r\u00eave impossible \u00e0 r\u00e9aliser. Il faut simplement savoir conjuguer les moyens et les expertises, sous les auspices de l\u2019Union africaine (U.A) par exemple.<\/em> <em>En attendant, les Africains ont besoin d\u2019\u00eatre sensibilis\u00e9s pour \u00e9viter de baisser la garde en mati\u00e8re de respect des mesures-barri\u00e8res. Ces mesures qui sont moins co\u00fbteuses, nous sauvent la vie, pour peu que nous acceptions de renoncer \u00e0 certains aspects de nos modes de vie.<\/em><\/p>\n<p class=\"c6\"><strong><em>Monique NARE<\/em><\/strong><\/p>\n<p>Auteur: Le Pays<br \/>\n<a href=\"https:\/\/lepays.bf\/course-aux-vaccins-anti-covid-19\/\">Cliquez ici pour lire l&rsquo;article depuis sa source.<\/a><\/p>\n","protected":false},"excerpt":{"rendered":"<p>Le 11 janvier 2020, la Covid-19 faisait sa premi\u00e8re victime, un Chinois de 61 ans, fr\u00e9quentant r\u00e9guli\u00e8rement le march\u00e9 de Wuhan, premier foyer de l\u2019\u00e9pid\u00e9mie. Diff\u00e9rentes th\u00e9ories par la suite vont \u00eatre \u00e9mises, pour connaitre le suppos\u00e9 ou r\u00e9el animal responsable de la transmission de la maladie \u00e0 l\u2019Homme. Depuis, les experts multiplient les rencontres [&hellip;]<\/p>\n","protected":false},"author":1813,"featured_media":0,"comment_status":"closed","ping_status":"closed","sticky":false,"template":"","format":"standard","meta":{"fifu_image_url":"","fifu_image_alt":"","footnotes":""},"categories":[73,81],"tags":[],"class_list":["post-109095","post","type-post","status-publish","format-standard","hentry","category-actualite","category-burkina-faso"],"_links":{"self":[{"href":"https:\/\/linitiative.ca\/International\/wp-json\/wp\/v2\/posts\/109095","targetHints":{"allow":["GET"]}}],"collection":[{"href":"https:\/\/linitiative.ca\/International\/wp-json\/wp\/v2\/posts"}],"about":[{"href":"https:\/\/linitiative.ca\/International\/wp-json\/wp\/v2\/types\/post"}],"author":[{"embeddable":true,"href":"https:\/\/linitiative.ca\/International\/wp-json\/wp\/v2\/users\/1813"}],"replies":[{"embeddable":true,"href":"https:\/\/linitiative.ca\/International\/wp-json\/wp\/v2\/comments?post=109095"}],"version-history":[{"count":0,"href":"https:\/\/linitiative.ca\/International\/wp-json\/wp\/v2\/posts\/109095\/revisions"}],"wp:attachment":[{"href":"https:\/\/linitiative.ca\/International\/wp-json\/wp\/v2\/media?parent=109095"}],"wp:term":[{"taxonomy":"category","embeddable":true,"href":"https:\/\/linitiative.ca\/International\/wp-json\/wp\/v2\/categories?post=109095"},{"taxonomy":"post_tag","embeddable":true,"href":"https:\/\/linitiative.ca\/International\/wp-json\/wp\/v2\/tags?post=109095"}],"curies":[{"name":"wp","href":"https:\/\/api.w.org\/{rel}","templated":true}]}}