{"id":109097,"date":"2021-01-11T16:29:05","date_gmt":"2021-01-11T21:29:05","guid":{"rendered":"https:\/\/linitiative.ca\/International\/gouvernement-dabire-ii-la-lecture-des-acteurs-politiques-et-de-la-societe-civile\/"},"modified":"2021-01-11T16:29:05","modified_gmt":"2021-01-11T21:29:05","slug":"gouvernement-dabire-ii-la-lecture-des-acteurs-politiques-et-de-la-societe-civile","status":"publish","type":"post","link":"https:\/\/linitiative.ca\/International\/gouvernement-dabire-ii-la-lecture-des-acteurs-politiques-et-de-la-societe-civile\/","title":{"rendered":"Gouvernement Dabir\u00e9 II  : la lecture des acteurs politiques  et de la soci\u00e9t\u00e9 civile"},"content":{"rendered":"<div class=\"td-post-featured-image\"><a href=\"https:\/\/www.sidwaya.info\/wp-content\/uploads\/2021\/01\/1-9.jpg\" data-caption=\"\"><img loading=\"lazy\" decoding=\"async\" width=\"595\" height=\"397\" class=\"entry-thumb td-modal-image\" src=\"https:\/\/www.sidwaya.info\/wp-content\/uploads\/2021\/01\/1-9.jpg\" srcset=\"https:\/\/www.sidwaya.info\/wp-content\/uploads\/2021\/01\/1-9.jpg 595w, https:\/\/www.sidwaya.info\/wp-content\/uploads\/2021\/01\/1-9-300x200.jpg 300w, https:\/\/www.sidwaya.info\/wp-content\/uploads\/2021\/01\/1-9-150x100.jpg 150w\" sizes=\"auto, (max-width: 595px) 100vw, 595px\" alt=\"\" title=\"1\"\/><\/a><\/div>\n<p><strong>Le gouvernement Dabir\u00e9 II a \u00e9t\u00e9 rendu public, le dimanche 10 janvier 2021. Des acteurs politiques et de la soci\u00e9t\u00e9 civile appr\u00e9cient la nouvelle configuration de l\u2019ex\u00e9cutif.<\/strong><\/p>\n<p><strong>Lassan\u00e9 Sawadogo, secr\u00e9taire ex\u00e9cutif national du MPP :<\/strong> \u00ab La nomination de Z\u00e9phirin Diabr\u00e9 est un signal fort \u00bb.<br \/>\u00ab Ce gouvernement est une satisfaction \u00e0 divers points de vue. Il y a d\u2019abord une attente populaire qui \u00e9tait palpable. La formation du gouvernement est donc intervenue au bon moment. Ensuite, notre parti est fortement repr\u00e9sent\u00e9 \u00e0 travers des camarades en qui nous avons totalement confiance, \u00e0 commencer par le chef du gouvernement. Il y a aussi un effort qui a \u00e9t\u00e9 fait pour prendre en compte toutes les comp\u00e9tences capables de contribuer \u00e0 la mise en \u0153uvre du programme pour lequel le pr\u00e9sident du Faso a \u00e9t\u00e9 \u00e9lu. C\u2019est pourquoi, en dehors du MPP, ce gouvernement prend en compte d\u2019autres partis politiques, sans oublier la soci\u00e9t\u00e9 civile. De plus, le genre n\u2019a pas \u00e9t\u00e9 occult\u00e9 avec neuf femmes dans le gouvernement de 33 membres. Le pr\u00e9sident du Faso avait pris l\u2019engagement de 30%. On est \u00e0 environ 27% de femmes. La plupart des r\u00e9gions ont \u00e9t\u00e9 prises en compte et en d\u00e9finitive, c\u2019est un gouvernement de coh\u00e9sion. La nomination de Z\u00e9phirin Diabr\u00e9 est un signal fort, parce que jusqu\u2019aux derni\u00e8res \u00e9lections, il \u00e9tait le Chef de file de l\u2019opposition qui nous a donn\u00e9 du fil \u00e0 retordre en jouant pleinement son r\u00f4le. Il a marqu\u00e9 sa disponibilit\u00e9 pour accompagner Roch Marc Christian Kabor\u00e9 dans la mise en \u0153uvre de son programme, notamment dans le volet r\u00e9conciliation nationale. C\u2019est une bonne contribution qu\u2019il pourrait apporter. Sur le plan humain et politique, il a des comp\u00e9tences \u00e0 transcender certaines divergences pour faire pr\u00e9valoir l\u2019int\u00e9r\u00eat national. Il est possible que l\u2019entr\u00e9e du pr\u00e9sident de l\u2019UPC dans le gouvernement ait un impact sur la configuration des groupes parlementaires \u00e0 l\u2019Assembl\u00e9e nationale et sur la majorit\u00e9 \u00bb.<\/p>\n<p><strong>Serge Bambara dit Smokey, du mouvement Le Balai citoyen<\/strong> : \u00ab Le quota genre n\u2019a pas \u00e9t\u00e9 respect\u00e9 \u00bb.<br \/>\u00ab C\u2019est une bonne chose que le gouvernement soit enfin r\u00e9uni et qu\u2019il puisse se mettre tr\u00e8s vite \u00e0 la t\u00e2che. On doit \u00e9viter les c\u00e9r\u00e9monies interminables de passation de service et se mettre au travail, parce que c\u2019est le dernier mandat du pr\u00e9sident Kabor\u00e9 qui est attendu sur plusieurs chantiers dont le plus important est la s\u00e9curit\u00e9. On s\u2019attend donc \u00e0 ce qu\u2019il fasse tout pour servir les int\u00e9r\u00eats du peuple qui lui a fait confiance. On peut regretter que, d\u2019une part, le gouvernement reste aussi pl\u00e9thorique qu\u2019il l\u2019\u00e9tait parce qu\u2019on estime que pour un pays pauvre comme le Burkina Faso, 33 ministres, c\u2019est quand m\u00eame beaucoup lorsqu\u2019on sait tous les privil\u00e8ges qu\u2019ils ont. On peut regretter, d\u2019autre part, le fait que la promesse du pr\u00e9sident en termes de quota genre n\u2019ait pas \u00e9t\u00e9 respect\u00e9e puisqu\u2019il avait promis aux femmes, 35%. Je pense que les postes de ministres d\u00e9l\u00e9gu\u00e9s ont \u00e9t\u00e9 cr\u00e9\u00e9s pour r\u00e9compenser les partisans et les accompagnateurs pendant les \u00e9lections. On peut appr\u00e9cier tout de m\u00eame le fait que quelques d\u00e9partements aient \u00e9t\u00e9 fusionn\u00e9s, notamment au niveau de la justice et des mines et que le ministre en charge de la fameuse affaire qui sent le soufre du charbon fin ait finalement \u00e9t\u00e9 \u00e9vinc\u00e9 de ce nouveau gouvernement. Nous esp\u00e9rons que les responsabilit\u00e9s seront situ\u00e9es. Le poste de ministre de la R\u00e9conciliation nationale accord\u00e9 \u00e0 Z\u00e9phirin Diabr\u00e9 est une t\u00e2che difficile, mais secondaire parce que je me demande qui doit se r\u00e9concilier avec qui ? On remarque que tous ceux qui ont cri\u00e9 r\u00e9conciliation depuis le d\u00e9but sont ceux-l\u00e0 qui sont suspect\u00e9s de malversations ou qui ont des dossiers en justice, donc j\u2019esp\u00e8re que le nouveau ministre qui a pendant longtemps fustig\u00e9 ses anciens camarades du Congr\u00e8s pour la d\u00e9mocratie et le progr\u00e8s (CDP) va se rappeler qu\u2019il a toujours souhait\u00e9 une vraie justice sur la terre des Hommes int\u00e8gres\u00bb.<\/p>\n<p><strong>Monique Y\u00e9li Kam, pr\u00e9sidente du Mouvement pour la renaissance du Burkina Faso (MRB)<\/strong> : \u00ab Nous leur souhaitons de r\u00e9ussir\u00bb.<br \/>\u00ab Nous adressons nos chaleureuses f\u00e9licitations au nouveau gouvernement de 33 ministres. Nous lui souhaitons de r\u00e9ussir avec efficacit\u00e9 et r\u00e9sultats les nombreux chantiers de la r\u00e9conciliation, de la paix, de l\u2019\u00e9ducation, de l\u2019emploi, de l\u2019apurement du passif foncier et de la relance \u00e9conomique. La reconduction de la majorit\u00e9 des ministres de l\u2019ancienne \u00e9quipe r\u00e9pond \u00e0 la logique politique de redevabilit\u00e9 envers les cadres du parti MPP longuement d\u00e9battue entre eux. Ce qui nous a fait attendre. Qu\u2019\u00e0 cela ne tienne, la reprise du gouvernement permet de mettre notre pays sur la voie du progr\u00e8s afin, souhaitons-nous-le, de soulager le peuple. C\u2019est l\u2019essentiel. Notre regret est toujours l\u2019absence de volont\u00e9 politique pour faire progresser la repr\u00e9sentativit\u00e9 des femmes (seulement 9\/33) et des jeunes \u00bb.<\/p>\n<p><strong>Halhassane Sinar\u00e9, pr\u00e9sident du MBF<\/strong> : \u00ab C\u2019est un gouvernement de mission \u00bb<br \/>\u00ab C\u2019est un gouvernement d\u2019ouverture, toute chose qui aidera \u00e0 mettre en \u0153uvre le programme du pr\u00e9sident dans un de ses engagements majeurs qui est la r\u00e9conciliation nationale. Le fait de d\u00e9signer le leader de l\u2019UPC, qui \u00e9tait dans l\u2019opposition pour conduire cette r\u00e9conciliation, est d\u00e9j\u00e0 une ouverture. Quand nous regardons l\u2019ensemble de la composition du gouvernement, nous pouvons dire que c\u2019est un gouvernement de mission, c\u2019est-\u00e0-dire qu\u2019il a des objectifs \u00e0 atteindre \u00e0 court terme. Pour nous, c\u2019est une ouverture qui peut permettre une coh\u00e9sion des fils et des filles du pays pour le bonheur de notre nation. La ministre d\u00e9l\u00e9gu\u00e9e en charge de la Recherche scientifique est la repr\u00e9sentante du MBF au sein du gouvernement. Nous allons donc contribuer \u00e0 la mise en \u0153uvre du programme du pr\u00e9sident. Ce qui est tout \u00e0 fait normal puisque nous sommes membres de l\u2019Alliance des partis de la majorit\u00e9 pr\u00e9sidentielle\u00bb.<\/p>\n<p><strong>Issiaka Ou\u00e9draogo, pr\u00e9sident du Conseil d\u2019information et de suivi des actions du gouvernement (CISAG)<\/strong> : \u00ab le peuple l\u2019attend de pied ferme \u00bb.<br \/>\u00ab Le fait majeur dans ce gouvernement est la cr\u00e9ation d\u2019un minist\u00e8re en charge de la r\u00e9conciliation nationale et de la coh\u00e9sion sociale. Cela veut dire que le pr\u00e9sident du Faso a mis en avant cette question afin de r\u00e9unir les Burkinab\u00e8 autour des valeurs soci\u00e9tales. Et la nomination de l\u2019ex-Chef de file de l\u2019opposition politique, Z\u00e9phirin Diabr\u00e9, montre \u00e0 souhait que la dynamique est d\u00e9j\u00e0 bonne. Il faut dire que ce gouvernement est tr\u00e8s attendu sur les questions urgentes sur les plans sanitaire, s\u00e9curitaire et social. D\u2019ores et d\u00e9j\u00e0, il faut que les acteurs s\u2019accordent sur le mode de r\u00e9conciliation. Quels sont les probl\u00e8mes ou litiges qui nous opposent ? Ils datent de quelle ann\u00e9e \u00e0 quelle ann\u00e9e ? A ces questions, les uns et les autres doivent apporter des r\u00e9ponses claires y compris ceux qui ont \u00e9volu\u00e9 27 ans durant aupr\u00e8s de l\u2019ancien pr\u00e9sident Blaise Compaor\u00e9 et qui, aujourd\u2019hui sont en train de diriger ce pays. Chacun doit pouvoir se prononcer sans aucun calcul politicien, car la r\u00e9conciliation ne concerne pas que les exil\u00e9s ou les condamn\u00e9s. Mais de fa\u00e7on globale, le gouvernement actuel est bien repr\u00e9sentatif et le peuple l\u2019attend de pied ferme\u00bb.<\/p>\n<p class=\"c1\"><strong>Propos recueillis par<\/strong><br \/><strong>Jean-Marie TOE<\/strong><br \/><strong>G\u00e9rard COULIBALY<\/strong><br \/><strong>Nad\u00e8ge YAMEOGO<\/strong><\/p>\n<div class=\"td-a-rec td-a-rec-id-content_bottom tdi_33_f33 td_block_template_1\"><img loading=\"lazy\" decoding=\"async\" class=\"aligncenter size-full wp-image-27454\" src=\"https:\/\/www.sidwaya.info\/wp-content\/uploads\/2020\/10\/PUB-Bandeau-paiement-mobile-siteweb.jpg\" alt=\"\" width=\"728\" height=\"90\"\/><\/div>\n<p>Auteur: BM. Sidwaya<br \/>\n<a href=\"https:\/\/www.sidwaya.info\/blog\/2021\/01\/11\/gouvernement-dabire-ii-la-lecture-des-acteurs-politiques-et-de-la-societe-civile\/\">Cliquez ici pour lire l&rsquo;article depuis sa source.<\/a><\/p>\n","protected":false},"excerpt":{"rendered":"<p>Le gouvernement Dabir\u00e9 II a \u00e9t\u00e9 rendu public, le dimanche 10 janvier 2021. Des acteurs politiques et de la soci\u00e9t\u00e9 civile appr\u00e9cient la nouvelle configuration de l\u2019ex\u00e9cutif. Lassan\u00e9 Sawadogo, secr\u00e9taire ex\u00e9cutif national du MPP : \u00ab La nomination de Z\u00e9phirin Diabr\u00e9 est un signal fort \u00bb.\u00ab Ce gouvernement est une satisfaction \u00e0 divers points de [&hellip;]<\/p>\n","protected":false},"author":1816,"featured_media":0,"comment_status":"closed","ping_status":"closed","sticky":false,"template":"","format":"standard","meta":{"fifu_image_url":"https:\/\/www.sidwaya.info\/wp-content\/uploads\/2021\/01\/1-9.jpg","fifu_image_alt":"Gouvernement Dabir\u00e9 II  : la lecture des acteurs politiques  et de la soci\u00e9t\u00e9 civile","footnotes":""},"categories":[73,81],"tags":[],"class_list":["post-109097","post","type-post","status-publish","format-standard","hentry","category-actualite","category-burkina-faso"],"_links":{"self":[{"href":"https:\/\/linitiative.ca\/International\/wp-json\/wp\/v2\/posts\/109097","targetHints":{"allow":["GET"]}}],"collection":[{"href":"https:\/\/linitiative.ca\/International\/wp-json\/wp\/v2\/posts"}],"about":[{"href":"https:\/\/linitiative.ca\/International\/wp-json\/wp\/v2\/types\/post"}],"author":[{"embeddable":true,"href":"https:\/\/linitiative.ca\/International\/wp-json\/wp\/v2\/users\/1816"}],"replies":[{"embeddable":true,"href":"https:\/\/linitiative.ca\/International\/wp-json\/wp\/v2\/comments?post=109097"}],"version-history":[{"count":0,"href":"https:\/\/linitiative.ca\/International\/wp-json\/wp\/v2\/posts\/109097\/revisions"}],"wp:attachment":[{"href":"https:\/\/linitiative.ca\/International\/wp-json\/wp\/v2\/media?parent=109097"}],"wp:term":[{"taxonomy":"category","embeddable":true,"href":"https:\/\/linitiative.ca\/International\/wp-json\/wp\/v2\/categories?post=109097"},{"taxonomy":"post_tag","embeddable":true,"href":"https:\/\/linitiative.ca\/International\/wp-json\/wp\/v2\/tags?post=109097"}],"curies":[{"name":"wp","href":"https:\/\/api.w.org\/{rel}","templated":true}]}}