{"id":109099,"date":"2021-01-11T16:51:21","date_gmt":"2021-01-11T21:51:21","guid":{"rendered":"https:\/\/linitiative.ca\/International\/communiquer-a-bon-escient\/"},"modified":"2021-01-11T16:51:21","modified_gmt":"2021-01-11T21:51:21","slug":"communiquer-a-bon-escient","status":"publish","type":"post","link":"https:\/\/linitiative.ca\/International\/communiquer-a-bon-escient\/","title":{"rendered":"Communiquer \u00e0 bon escient"},"content":{"rendered":"<div class=\"td-post-featured-image\"><a href=\"https:\/\/www.sidwaya.info\/wp-content\/uploads\/2020\/12\/Trait-de-plume-1.jpg\" data-caption=\"\"><img loading=\"lazy\" decoding=\"async\" width=\"696\" height=\"465\" class=\"entry-thumb td-modal-image\" src=\"https:\/\/www.sidwaya.info\/wp-content\/uploads\/2020\/12\/Trait-de-plume-1-696x465.jpg\" srcset=\"https:\/\/www.sidwaya.info\/wp-content\/uploads\/2020\/12\/Trait-de-plume-1-696x465.jpg 696w, https:\/\/www.sidwaya.info\/wp-content\/uploads\/2020\/12\/Trait-de-plume-1-300x200.jpg 300w, https:\/\/www.sidwaya.info\/wp-content\/uploads\/2020\/12\/Trait-de-plume-1-150x100.jpg 150w, https:\/\/www.sidwaya.info\/wp-content\/uploads\/2020\/12\/Trait-de-plume-1-629x420.jpg 629w, https:\/\/www.sidwaya.info\/wp-content\/uploads\/2020\/12\/Trait-de-plume-1.jpg 738w\" sizes=\"auto, (max-width: 696px) 100vw, 696px\" alt=\"\" title=\"Trait de plume\"\/><\/a><\/div>\n<p>La nomination de Ouss\u00e9ni Tamboura, comme ministre de la Communication, Porte-parole du gouvernement, conjugu\u00e9 au retour de Cl\u00e9ment Sawadogo au minist\u00e8re de l\u2019Administration territoriale et de la D\u00e9centralisation, illustre \u00e0 souhait la place capitale que va occuper la communication dans le processus de r\u00e9conciliation nationale, voulu par le Pr\u00e9sident du Faso, Roch Marc Christian Kabor\u00e9, comme \u00e9tape devant permettre au Burkina Faso de faire un bond qualitatif dans sa qu\u00eate de d\u00e9veloppement humain durable et d\u2019harmonie sociale. Il n\u2019est, en effet, plus un secret pour personne, que les dossiers qui seront mis en d\u00e9bat lors de ce processus de r\u00e9conciliation nationale sont, on ne peut plus, sensibles, si tant est qu\u2019ils cristallisent les passions pour ne pas dire, d\u2019o\u00f9 la n\u00e9cessit\u00e9 de peser ses mots ou encore tourner sept fois sa langue dans la bouche \u00e0 chaque prise de parole officielle.<\/p>\n<p>Entre partisans de la justice classique et ceux pour qui, seule celle transitionnelle pourrait permettre au Burkina Faso de voir le bout du tunnel, le c\u0153ur de l\u2019opinion publique nationale balance et seuls des arguments percutants soumis \u00e0 l\u2019attention du peuple souverain emporteront son adh\u00e9sion ou susciteront sa col\u00e8re. Dans cette occurrence \u201cvolatile \u201c, le choix des hommes est d\u2019une importance fondamentale et, le casting qui nous est donn\u00e9 \u00e0 voir par le gouvernement Dabir\u00e9 II suscite des motifs d\u2019espoir. Des motifs qui trouvent leur justification avant tout dans le choix de l\u2019homme commis \u00e0 la t\u00e2che de r\u00e9concilier les Burkinab\u00e8 entre eux et de ramener la paix et la concorde civiles. Z\u00e9phirin Diabr\u00e9, dont il s\u2019agit, ne peut en effet aucunement \u00eatre tax\u00e9 de complaisance dans sa vision du processus de r\u00e9demption nationale encore moins de \u201cconnivence \u201c quelconque avec Roch Kabor\u00e9 dans la mesure o\u00f9 c\u2019est sa cr\u00e9dibilit\u00e9 et son honneur qu\u2019il joue dans cette aventure salvatrice. Diabr\u00e9 qui joue donc son avenir politique dans cette qu\u00eate n\u2019acceptera pas, nous n\u2019en doutons point, que celui-ci soit sacrifi\u00e9 sur l\u2019autel de marchandages au d\u00e9triment de la v\u00e9rit\u00e9 et de la justice. A ce premier gage d\u2019un processus d\u00e9barrass\u00e9 de tout calcul politicien, il convient d\u2019ajouter comme indiqu\u00e9 plus haut deux faits majeurs.<\/p>\n<p>Premier fait, le retour au gouvernement de Cl\u00e9ment Sawadogo au poste cl\u00e9 de ministre en charge de l\u2019administration territoriale, avec \u201cl\u2019onction\u201d de ministre d\u2019Etat. Grand commis de l\u2019Etat, reconnu pour sa grande capacit\u00e9 de travail et connaissant par ailleurs du bout des doigts les dossiers pendants, il sera d\u2019un apport pr\u00e9cieux dans le travail pr\u00e9paratoire des assises nationales qui plancheront sur ceux-ci. Auparavant conseiller politique du chef de l\u2019Etat, nul doute qu\u2019il a mis \u00e0 profit ce temps pass\u00e9 \u00e0 Kosyam pour m\u00e2cher le travail avec celui-ci afin de permettre au gouvernement d\u2019aller vite et bien si tant est que le temps presse au regard des pr\u00e9occupations socio\u00e9conomiques qui attendent, et dont la r\u00e9solution entra\u00eenera dans une certaine mesure, le retour de la qui\u00e9tude sociale.<\/p>\n<p>Et comme la parole est d\u2019or, pour transformer celle-ci en or, il faut un homme pond\u00e9r\u00e9, r\u00e9solu et v\u00e9ritable bretteur d\u2019id\u00e9es pour la porter \u00e0 l\u2019\u00e9tape actuelle de notre marche politique. Ouss\u00e9ni Tamboura commis \u00e0 la t\u00e2che a, sans griotisme de mauvais go\u00fbt, le profil requis, lui qui a d\u00e9j\u00e0 fait ses preuves sur nombre de plateaux t\u00e9l\u00e9 et qui a aussi une connaissance de la haute administration publique. Quelques \u00e9l\u00e9ments qui, ajout\u00e9s \u00e0 la pr\u00e9sence de l\u2019avocat des \u201cdossiers pendants\u201d Me Sankara au gouvernement, donnent \u00e0 esp\u00e9rer que le processus ne tournera pas. Le gage principal restant cependant la volont\u00e9 du Pr\u00e9sident du Faso de sortir par la grande porte et de l\u00e9guer aux g\u00e9n\u00e9rations futures un pays fort, prosp\u00e8re et solidaire. On croise les doigts.<\/p>\n<p class=\"c1\"><strong>Boubakar SY<\/strong><\/p>\n<div class=\"td-a-rec td-a-rec-id-content_bottom tdi_33_cce td_block_template_1\"><img loading=\"lazy\" decoding=\"async\" class=\"aligncenter size-full wp-image-27454\" src=\"https:\/\/www.sidwaya.info\/wp-content\/uploads\/2020\/10\/PUB-Bandeau-paiement-mobile-siteweb.jpg\" alt=\"\" width=\"728\" height=\"90\"\/><\/div>\n<p>Auteur: BM. Sidwaya<br \/>\n<a href=\"https:\/\/www.sidwaya.info\/blog\/2021\/01\/11\/communiquer-a-bon-escient\/\">Cliquez ici pour lire l&rsquo;article depuis sa source.<\/a><\/p>\n","protected":false},"excerpt":{"rendered":"<p>La nomination de Ouss\u00e9ni Tamboura, comme ministre de la Communication, Porte-parole du gouvernement, conjugu\u00e9 au retour de Cl\u00e9ment Sawadogo au minist\u00e8re de l\u2019Administration territoriale et de la D\u00e9centralisation, illustre \u00e0 souhait la place capitale que va occuper la communication dans le processus de r\u00e9conciliation nationale, voulu par le Pr\u00e9sident du Faso, Roch Marc Christian Kabor\u00e9, [&hellip;]<\/p>\n","protected":false},"author":1816,"featured_media":0,"comment_status":"closed","ping_status":"closed","sticky":false,"template":"","format":"standard","meta":{"fifu_image_url":"https:\/\/www.sidwaya.info\/wp-content\/uploads\/2020\/12\/Trait-de-plume-1-696x465.jpg","fifu_image_alt":"Communiquer \u00e0 bon escient","footnotes":""},"categories":[73,81],"tags":[],"class_list":["post-109099","post","type-post","status-publish","format-standard","hentry","category-actualite","category-burkina-faso"],"_links":{"self":[{"href":"https:\/\/linitiative.ca\/International\/wp-json\/wp\/v2\/posts\/109099","targetHints":{"allow":["GET"]}}],"collection":[{"href":"https:\/\/linitiative.ca\/International\/wp-json\/wp\/v2\/posts"}],"about":[{"href":"https:\/\/linitiative.ca\/International\/wp-json\/wp\/v2\/types\/post"}],"author":[{"embeddable":true,"href":"https:\/\/linitiative.ca\/International\/wp-json\/wp\/v2\/users\/1816"}],"replies":[{"embeddable":true,"href":"https:\/\/linitiative.ca\/International\/wp-json\/wp\/v2\/comments?post=109099"}],"version-history":[{"count":0,"href":"https:\/\/linitiative.ca\/International\/wp-json\/wp\/v2\/posts\/109099\/revisions"}],"wp:attachment":[{"href":"https:\/\/linitiative.ca\/International\/wp-json\/wp\/v2\/media?parent=109099"}],"wp:term":[{"taxonomy":"category","embeddable":true,"href":"https:\/\/linitiative.ca\/International\/wp-json\/wp\/v2\/categories?post=109099"},{"taxonomy":"post_tag","embeddable":true,"href":"https:\/\/linitiative.ca\/International\/wp-json\/wp\/v2\/tags?post=109099"}],"curies":[{"name":"wp","href":"https:\/\/api.w.org\/{rel}","templated":true}]}}