{"id":10910,"date":"2019-02-01T17:04:20","date_gmt":"2019-02-01T22:04:20","guid":{"rendered":"https:\/\/linitiative.ca\/International\/marrakech-hausse-de-plus-de-31-des-exportations-de-lartisanat-en-2018\/"},"modified":"2019-02-01T17:04:20","modified_gmt":"2019-02-01T22:04:20","slug":"marrakech-hausse-de-plus-de-31-des-exportations-de-lartisanat-en-2018","status":"publish","type":"post","link":"https:\/\/linitiative.ca\/International\/marrakech-hausse-de-plus-de-31-des-exportations-de-lartisanat-en-2018\/","title":{"rendered":"Marrakech: Hausse de plus de 31% des exportations de l\u2019artisanat en 2018"},"content":{"rendered":"<p>Marrakech, 01\/02\/2019 (MAP), Les exportations des produits d\u2019artisanat de la ville de Marrakech ont atteint en 2018 quelque 246,3 millions de DH (MDH), contre 187,6 MDH en 2017, r\u00e9alisant une progression de 31,25 %.<\/p>\n<p>Selon le rapport annuel des activit\u00e9s de la Direction r\u00e9gionale de l\u2019artisanat \u00e0 Marrakech, cette \u00e9volution est attribu\u00e9e notamment \u00e0 la progression des exportations des produits en cuivre, en bois et les couvertures respectivement de 149%, 68% et 80%, indiquant que les produits des couvertures, du bois et du fer forg\u00e9 repr\u00e9sentent les fili\u00e8res les plus exportatrices en 2018, soit 50% des exportations de l\u2019artisanat de la ville.<\/p>\n<p>Le march\u00e9 am\u00e9ricain repr\u00e9sente durant l\u2019ann\u00e9e \u00e9coul\u00e9e, la premi\u00e8re destination des produits d\u2019artisanat de Marrakech avec une part de 22%, suivi par les pays arabes (19%) et la France (13%).<\/p>\n<p>Il ressort aussi du rapport que le nombre de tapis confectionn\u00e9s en 2018 s\u2019\u00e9l\u00e8ve \u00e0 1.371 unit\u00e9s avec une superficie de 6.456,73 m2, soit une hausse de 61,1% comparativement avec l\u2019ann\u00e9e 2017 (851 unit\u00e9s d\u2019une superficie de 3.986,37 m2).<\/p>\n<p>Le nombre de Petites et moyennes entreprises (op\u00e9rant dans le domaine de l\u2019artisanat) cr\u00e9\u00e9es a enregistr\u00e9 une hausse de 49% comparativement avec 2017, pr\u00e9cise la m\u00eame source, ajoutant que la majorit\u00e9 des entreprises cr\u00e9\u00e9es appartiennent aux fili\u00e8res du cuir (46%), les tapis (13%) et les meubles (10%).<\/p>\n<p>Concernant le label national de l\u2019artisanat, la r\u00e9gion Marrakech-Safi occupe la deuxi\u00e8me position au niveau national compte tenu des unit\u00e9s labellis\u00e9es \u00ab\u00a0Morocco Handmade\u00a0\u00bb avec 38 unit\u00e9s, dont 18 unit\u00e9s dans la pr\u00e9fecture de Marrakech, 10 unit\u00e9s \u00e0 Essaouira et 04 unit\u00e9s \u00e0 Safi.<\/p>\n<p>S\u2019agissant des unit\u00e9s de production labellis\u00e9es au niveau r\u00e9gional en 2018, leur nombre s\u2019\u00e9l\u00e8ve \u00e0 74 unit\u00e9s, dont 44 \u00e0 Marrakech, 17 unit\u00e9s \u00e0 Essaouira et 13 unit\u00e9s \u00e0 Safi.<\/p>\n","protected":false},"excerpt":{"rendered":"<p>Marrakech, 01\/02\/2019 (MAP), Les exportations des produits d\u2019artisanat de la ville de Marrakech ont atteint en 2018 quelque 246,3 millions de DH (MDH), contre 187,6 MDH en 2017, r\u00e9alisant une progression de 31,25 %. Selon le rapport annuel des activit\u00e9s de la Direction r\u00e9gionale de l\u2019artisanat \u00e0 Marrakech, cette \u00e9volution est attribu\u00e9e notamment \u00e0 la [&hellip;]<\/p>\n","protected":false},"author":1788,"featured_media":0,"comment_status":"closed","ping_status":"closed","sticky":false,"template":"","format":"standard","meta":{"fifu_image_url":"","fifu_image_alt":"","footnotes":""},"categories":[54,76],"tags":[],"class_list":["post-10910","post","type-post","status-publish","format-standard","hentry","category-maroc","category-regions"],"_links":{"self":[{"href":"https:\/\/linitiative.ca\/International\/wp-json\/wp\/v2\/posts\/10910","targetHints":{"allow":["GET"]}}],"collection":[{"href":"https:\/\/linitiative.ca\/International\/wp-json\/wp\/v2\/posts"}],"about":[{"href":"https:\/\/linitiative.ca\/International\/wp-json\/wp\/v2\/types\/post"}],"author":[{"embeddable":true,"href":"https:\/\/linitiative.ca\/International\/wp-json\/wp\/v2\/users\/1788"}],"replies":[{"embeddable":true,"href":"https:\/\/linitiative.ca\/International\/wp-json\/wp\/v2\/comments?post=10910"}],"version-history":[{"count":0,"href":"https:\/\/linitiative.ca\/International\/wp-json\/wp\/v2\/posts\/10910\/revisions"}],"wp:attachment":[{"href":"https:\/\/linitiative.ca\/International\/wp-json\/wp\/v2\/media?parent=10910"}],"wp:term":[{"taxonomy":"category","embeddable":true,"href":"https:\/\/linitiative.ca\/International\/wp-json\/wp\/v2\/categories?post=10910"},{"taxonomy":"post_tag","embeddable":true,"href":"https:\/\/linitiative.ca\/International\/wp-json\/wp\/v2\/tags?post=10910"}],"curies":[{"name":"wp","href":"https:\/\/api.w.org\/{rel}","templated":true}]}}