{"id":109101,"date":"2021-01-11T13:18:03","date_gmt":"2021-01-11T18:18:03","guid":{"rendered":"https:\/\/linitiative.ca\/International\/senegal-les-inondations-au-coeur-des-politiques-publiques\/"},"modified":"2021-01-11T13:18:03","modified_gmt":"2021-01-11T18:18:03","slug":"senegal-les-inondations-au-coeur-des-politiques-publiques","status":"publish","type":"post","link":"https:\/\/linitiative.ca\/International\/senegal-les-inondations-au-coeur-des-politiques-publiques\/","title":{"rendered":"S\u00e9n\u00e9gal : les inondations au c\u0153ur des politiques publiques"},"content":{"rendered":"<div readability=\"32\">\n<p>Publi\u00e9 le 11.01.2021 \u00e0 19h18 par APA News<\/p>\n<\/div>\n<div readability=\"136\">\n<p>A un an de la fin de son ex\u00e9cution, le Plan d\u00e9cennal de lutte contre les inondations (PDLI) n\u2019est pas encore venu \u00e0 bout de ce ph\u00e9nom\u00e8ne qui n\u00e9cessite des moyens additionnels.Avec la d\u00e9mographie galopante et les constructions parfois anarchiques, les populations de plusieurs localit\u00e9s du S\u00e9n\u00e9gal vivent chaque hivernage le calvaire des inondations. \u00c9lu pour la premi\u00e8re fois en 2012, le pr\u00e9sident Macky Sall a lanc\u00e9, en septembre de la m\u00eame ann\u00e9e, le PDLI dot\u00e9 de 766,988 milliards F CFA.<\/p>\n<p>Objectif, r\u00e9gler d\u00e9finitivement ce probl\u00e8me lancinant. Cependant, les d\u00e9g\u00e2ts caus\u00e9s par les pr\u00e9cipitations qui se sont abattues en 2020 dans la banlieue dakaroise montrent que la bataille est loin d\u2019\u00eatre gagn\u00e9e.<\/p>\n<p>Pourtant, le budget pr\u00e9visionnel a \u00e9t\u00e9 ex\u00e9cut\u00e9 \u00e0 66,7 %, soit 506 milliards F CFA jusque-l\u00e0. Les investissements \u00e9taient pr\u00e9vus en trois phases dont deux sont boucl\u00e9es. De 2012 \u00e0 2013, 66,375 milliards F CFA ont \u00e9t\u00e9 d\u00e9pens\u00e9s dans la phase d\u2019urgence.<\/p>\n<p>A lire aussi: S\u00e9n\u00e9gal : Keur Massar, terre gorg\u00e9e<\/p>\n<p>Sur ce volet, l\u2019Office national de l\u2019assainissement (Onas) avait inject\u00e9 30,225 milliards F CFA pour la r\u00e9habilitation et la r\u00e9alisation de stations de pompage et d\u2019infrastructures de drainage des eaux ainsi que des bassins d\u2019infiltration. Le travail concernait diff\u00e9rentes zones, surtout des communes des r\u00e9gions de Dakar (ouest) et Diourbel (centre) o\u00f9 sont le plus not\u00e9es les inondations.<\/p>\n<p>La deuxi\u00e8me phase, pr\u00e9vue \u00e0 court et moyen terme, entre 2014 et 2016, pour 250,603 milliards F CFA, touchait pratiquement plusieurs localit\u00e9s du pays, du sud au nord en passant par le centre et la capitale.<\/p>\n<p>La phase moyen et long terme, qui a d\u00e9marr\u00e9 en 2017, va se terminer en 2022 pour un investissement de 450,009 milliards F CFA. Un Projet de gestion des eaux pluviales et d\u2019adaptation aux changements climatiques (Progep) est compris dans cette \u00e9tape avec une enveloppe de 64,48 milliards F CFA dont le but est de \u00ab pr\u00e9server 167.000 personnes\u00a0\u00bb.<\/p>\n<p>Mutation<\/p>\n<p>Le PDLI, devenu le Programme d\u00e9cennal de gestion des inondations (PDGI), vise l\u2019am\u00e9lioration de la connaissance des zones d\u2019inondation, le relogement des populations sinistr\u00e9es, la planification, l\u2019am\u00e9nagement des villes et un important aspect relatif au renforcement de la r\u00e9silience des villes qui consiste, entre autres, \u00e0 r\u00e9aliser des ouvrages de drainage des eaux de pluies.<\/p>\n<p>Cependant, le travail effectu\u00e9 n\u2019a pas permis d\u2019\u00e9vacuer correctement les eaux lors de la derni\u00e8re saison. Ainsi, plusieurs personnes \u00e9taient oblig\u00e9es de quitter leurs domiciles l\u00e0 o\u00f9 d\u2019autres, sans solution, avaient choisi de rester dans les eaux.<\/p>\n<p>En octobre dernier, le pr\u00e9sident Macky Sall avait r\u00e9affirm\u00e9 son ambition de poursuivre le PDLI, notamment \u00e0 Keur Massar, dont les populations ont fortement subi les contrecoups des inondations. Lors de sa visite, il a promis de transformer cette grande commune en d\u00e9partement.<\/p>\n<p>A lire aussi: L\u2019Afrique dans l\u2019engrenage des inondations<\/p>\n<p>\u00ab Nous allons poursuivre le Programme d\u00e9cennal de lutte contre les inondations (PDGI). Nous venons d\u2019en faire l\u2019\u00e9valuation. Nous en sommes \u00e0 506 milliards F CFA depuis 2012. Il nous faut aller au-del\u00e0 des 760 milliards F CFA qui ont \u00e9t\u00e9 programm\u00e9s\u00a0\u00bb, disait-il en marge de la Journ\u00e9e nationale de la d\u00e9centralisation.<\/p>\n<p>Ainsi, pour le chef de l\u2019Etat, le PDGI doit \u00eatre poursuivi dans d\u2019autres localit\u00e9s du S\u00e9n\u00e9gal pour notamment lib\u00e9rer les voies et exutoires des eaux pluviales. Pour ce faire, le Progep, mais aussi les minist\u00e8res des Collectivit\u00e9s locales, de l\u2019Assainissement et l\u2019Onas, \u00ab va s\u2019atteler pour qu\u2019au moins d\u2019ici l\u2019hivernage prochain, quelle que soit la quantit\u00e9 d\u2019eau dans la zone, Keur Massar soit sauv\u00e9e\u00a0\u00bb, a-t-il fait savoir.<\/p>\n<\/div>\n<p>Auteur: APA News<br \/>\n<a href=\"https:\/\/www.journalducameroun.com\/senegal-les-inondations-au-coeur-des-politiques-publiques\/\">Cliquez ici pour lire l&rsquo;article depuis sa source.<\/a><\/p>\n","protected":false},"excerpt":{"rendered":"<p>Publi\u00e9 le 11.01.2021 \u00e0 19h18 par APA News A un an de la fin de son ex\u00e9cution, le Plan d\u00e9cennal de lutte contre les inondations (PDLI) n\u2019est pas encore venu \u00e0 bout de ce ph\u00e9nom\u00e8ne qui n\u00e9cessite des moyens additionnels.Avec la d\u00e9mographie galopante et les constructions parfois anarchiques, les populations de plusieurs localit\u00e9s du S\u00e9n\u00e9gal [&hellip;]<\/p>\n","protected":false},"author":1965,"featured_media":0,"comment_status":"closed","ping_status":"closed","sticky":false,"template":"","format":"standard","meta":{"fifu_image_url":"","fifu_image_alt":"","footnotes":""},"categories":[73,82],"tags":[],"class_list":["post-109101","post","type-post","status-publish","format-standard","hentry","category-actualite","category-cameroun"],"_links":{"self":[{"href":"https:\/\/linitiative.ca\/International\/wp-json\/wp\/v2\/posts\/109101","targetHints":{"allow":["GET"]}}],"collection":[{"href":"https:\/\/linitiative.ca\/International\/wp-json\/wp\/v2\/posts"}],"about":[{"href":"https:\/\/linitiative.ca\/International\/wp-json\/wp\/v2\/types\/post"}],"author":[{"embeddable":true,"href":"https:\/\/linitiative.ca\/International\/wp-json\/wp\/v2\/users\/1965"}],"replies":[{"embeddable":true,"href":"https:\/\/linitiative.ca\/International\/wp-json\/wp\/v2\/comments?post=109101"}],"version-history":[{"count":0,"href":"https:\/\/linitiative.ca\/International\/wp-json\/wp\/v2\/posts\/109101\/revisions"}],"wp:attachment":[{"href":"https:\/\/linitiative.ca\/International\/wp-json\/wp\/v2\/media?parent=109101"}],"wp:term":[{"taxonomy":"category","embeddable":true,"href":"https:\/\/linitiative.ca\/International\/wp-json\/wp\/v2\/categories?post=109101"},{"taxonomy":"post_tag","embeddable":true,"href":"https:\/\/linitiative.ca\/International\/wp-json\/wp\/v2\/tags?post=109101"}],"curies":[{"name":"wp","href":"https:\/\/api.w.org\/{rel}","templated":true}]}}