{"id":109104,"date":"2021-01-11T18:04:43","date_gmt":"2021-01-11T23:04:43","guid":{"rendered":"https:\/\/linitiative.ca\/International\/affi-libere-et-mis-sous-controle-judiciaire-se-presentera-aux-legislatives-a-bongouanou-proche\/"},"modified":"2021-01-11T18:04:43","modified_gmt":"2021-01-11T23:04:43","slug":"affi-libere-et-mis-sous-controle-judiciaire-se-presentera-aux-legislatives-a-bongouanou-proche","status":"publish","type":"post","link":"https:\/\/linitiative.ca\/International\/affi-libere-et-mis-sous-controle-judiciaire-se-presentera-aux-legislatives-a-bongouanou-proche\/","title":{"rendered":"Affi, lib\u00e9r\u00e9 et mis sous contr\u00f4le judiciaire, se pr\u00e9sentera aux l\u00e9gislatives \u00e0 Bongouanou (proche)"},"content":{"rendered":"<div readability=\"32\">\n<p>Publi\u00e9 le 12.01.2021 \u00e0 00h18 par APA News<\/p>\n<\/div>\n<div readability=\"56\">\n<p>Le pr\u00e9sident du Front populaire ivoirien (FPI, opposition), Affi N\u2019guessan, lib\u00e9r\u00e9 par la justice et mis sous contr\u00f4le judiciaire, se pr\u00e9sentera aux l\u00e9gislatives de mars 2021 \u00e0 Bongouanou (centre-est), selon son entourage.Joint au t\u00e9l\u00e9phone, Me God\u00e9 Dagbo, l\u2019un des avocats de M. Affi Nguessan, a fait savoir qu\u2019en d\u00e9pit des poursuites \u00e0 son encontre pour atteinte \u00e0 l\u2019autorit\u00e9 de l\u2019Etat dans le cadre du scrutin pr\u00e9sidentiel du 31 octobre 2020, il peut se pr\u00e9senter pour ces joutes \u00e9lectorales.Pour Me God\u00e9 Dagbo, le pr\u00e9sident du FPI, actuellement en libert\u00e9 conditionnelle, est \u00e9ligible parce que b\u00e9n\u00e9ficiant de la pr\u00e9somption d\u2019innocence et n\u2019a pas \u00e9t\u00e9 encore \u00e9t\u00e9 condamn\u00e9. \u00a0 \u00a0 \u00a0M. Affi a remport\u00e9 le si\u00e8ge de la circonscription de Bongouanou \u00e0 l\u2019issue des l\u00e9gislatives de d\u00e9cembre 2016 avec 59,7% devant le candidat du Rassemblement des Houphouetistes pour la d\u00e9mocratie et la paix (Rhdp, pouvoir), Assoumou M\u00e9a (39,18%).L\u2019ancien Premier ministre ivoirien, Affi Nguessan, fait face \u00e0 une fronde au sein du FPI, parti fond\u00e9 par Laurent Gbagbo. Une frange du parti avait refus\u00e9 de participer aux l\u00e9gislatives pass\u00e9es. Mais, pour les prochaines l\u00e9gislatives, l\u2019opposition a d\u00e9cid\u00e9 d\u2019aller en rang serr\u00e9 avec une \u00ab\u00a0strat\u00e9gie commune\u00a0\u00bb.Le gouvernement a adopt\u00e9 la date du 6 mars 2021 pour la tenue des prochaines l\u00e9gislatives afin de respecter les dispositions de la Constitution. L\u2019opposition demande un report de l\u2019\u00e9lection pour une meilleure organisation du scrutin.<\/p>\n<\/div>\n<p>Auteur: APA News<br \/>\n<a href=\"https:\/\/www.journalducameroun.com\/affi-libere-et-mis-sous-controle-judiciaire-se-presentera-aux-legislatives-a-bongouanou-proche\/\">Cliquez ici pour lire l&rsquo;article depuis sa source.<\/a><\/p>\n","protected":false},"excerpt":{"rendered":"<p>Publi\u00e9 le 12.01.2021 \u00e0 00h18 par APA News Le pr\u00e9sident du Front populaire ivoirien (FPI, opposition), Affi N\u2019guessan, lib\u00e9r\u00e9 par la justice et mis sous contr\u00f4le judiciaire, se pr\u00e9sentera aux l\u00e9gislatives de mars 2021 \u00e0 Bongouanou (centre-est), selon son entourage.Joint au t\u00e9l\u00e9phone, Me God\u00e9 Dagbo, l\u2019un des avocats de M. Affi Nguessan, a fait savoir [&hellip;]<\/p>\n","protected":false},"author":1965,"featured_media":0,"comment_status":"closed","ping_status":"closed","sticky":false,"template":"","format":"standard","meta":{"fifu_image_url":"","fifu_image_alt":"","footnotes":""},"categories":[73,82],"tags":[],"class_list":["post-109104","post","type-post","status-publish","format-standard","hentry","category-actualite","category-cameroun"],"_links":{"self":[{"href":"https:\/\/linitiative.ca\/International\/wp-json\/wp\/v2\/posts\/109104","targetHints":{"allow":["GET"]}}],"collection":[{"href":"https:\/\/linitiative.ca\/International\/wp-json\/wp\/v2\/posts"}],"about":[{"href":"https:\/\/linitiative.ca\/International\/wp-json\/wp\/v2\/types\/post"}],"author":[{"embeddable":true,"href":"https:\/\/linitiative.ca\/International\/wp-json\/wp\/v2\/users\/1965"}],"replies":[{"embeddable":true,"href":"https:\/\/linitiative.ca\/International\/wp-json\/wp\/v2\/comments?post=109104"}],"version-history":[{"count":0,"href":"https:\/\/linitiative.ca\/International\/wp-json\/wp\/v2\/posts\/109104\/revisions"}],"wp:attachment":[{"href":"https:\/\/linitiative.ca\/International\/wp-json\/wp\/v2\/media?parent=109104"}],"wp:term":[{"taxonomy":"category","embeddable":true,"href":"https:\/\/linitiative.ca\/International\/wp-json\/wp\/v2\/categories?post=109104"},{"taxonomy":"post_tag","embeddable":true,"href":"https:\/\/linitiative.ca\/International\/wp-json\/wp\/v2\/tags?post=109104"}],"curies":[{"name":"wp","href":"https:\/\/api.w.org\/{rel}","templated":true}]}}