{"id":109105,"date":"2021-01-11T18:04:48","date_gmt":"2021-01-11T23:04:48","guid":{"rendered":"https:\/\/linitiative.ca\/International\/signature-dune-convention-pour-digitaliser-leconomie-agricole-en-cote-divoire\/"},"modified":"2021-01-11T18:04:48","modified_gmt":"2021-01-11T23:04:48","slug":"signature-dune-convention-pour-digitaliser-leconomie-agricole-en-cote-divoire","status":"publish","type":"post","link":"https:\/\/linitiative.ca\/International\/signature-dune-convention-pour-digitaliser-leconomie-agricole-en-cote-divoire\/","title":{"rendered":"Signature d\u2019une convention pour digitaliser l\u2019\u00e9conomie agricole en C\u00f4te d\u2019Ivoire"},"content":{"rendered":"<div readability=\"32\">\n<p>Publi\u00e9 le 12.01.2021 \u00e0 00h18 par APA News<\/p>\n<\/div>\n<div readability=\"67\">\n<p>Une convention dont l\u2019un des objectifs est de digitaliser l\u2019\u00e9conomie agricole en C\u00f4te d\u2019Ivoire a \u00e9t\u00e9 sign\u00e9e, lundi \u00e0 Abidjan par la F\u00e9d\u00e9ration des soci\u00e9t\u00e9s coop\u00e9ratives du vivrier de C\u00f4te d\u2019Ivoire ( FENASCOVICI) et une compagnie de t\u00e9l\u00e9phonie mobile.<\/p>\n<p>\u00ab Nous avons compris tr\u00e8s t\u00f4t la n\u00e9cessit\u00e9 de s\u2019engager dans la voie de l\u2019autonomisation de la femme et ce, dans un contexte o\u00f9 elles constituent la cheville ouvri\u00e8re et le socle des familles. Nous avons d\u00e9cid\u00e9 de tisser des partenariats solides avec le monde agricole afin de digitaliser l\u2019\u00e9conomie agricole\u00bb, a expliqu\u00e9 Djibril Ouattara, le directeur g\u00e9n\u00e9ral de MTN C\u00f4te d\u2019Ivoire.<\/p>\n<p>\u00a0Par ailleurs, il a indiqu\u00e9 qu\u2019\u00e0 travers ce partenariat, sa soci\u00e9t\u00e9 va aider cette f\u00e9d\u00e9ration du secteur du vivrier \u00e0 automatiser les modes de paiement et permettre aux b\u00e9n\u00e9ficiaires de b\u00e9n\u00e9ficier de \u00a0\u00abservices financiers adapt\u00e9s \u00a0\u00bb.<\/p>\n<p>En outre, a ajout\u00e9 M. Ouattara, cette convention permettra aux membres de cette f\u00e9d\u00e9ration de b\u00e9n\u00e9ficier des offres t\u00e9l\u00e9phoniques (appels, SMS) adapt\u00e9es. En retour, Colette Iri\u00e9 Lou, la pr\u00e9sidente de la FENASCOVICI a dit sa gratitude \u00e0 cet op\u00e9rateur de t\u00e9l\u00e9phonie mobile.<\/p>\n<p>\u00a0\u00ab C\u2019est un mariage qui est scell\u00e9. Nous allons honorer cet engagement avec vous \u00bb, a promis Mme Iri\u00e9 Lou, appelant \u00e0 une modernisation du secteur du vivrier en C\u00f4te d\u2019Ivoire. Cr\u00e9\u00e9e en 1998, la FENASCOVICI qui regroupe des acteurs \u00a0du secteur vivrier en C\u00f4te d\u2019Ivoire, revendique environ 400 000 membres.<\/p>\n<\/div>\n<p>Auteur: APA News<br \/>\n<a href=\"https:\/\/www.journalducameroun.com\/signature-dune-convention-pour-digitaliser-leconomie-agricole-en-cote-divoire\/\">Cliquez ici pour lire l&rsquo;article depuis sa source.<\/a><\/p>\n","protected":false},"excerpt":{"rendered":"<p>Publi\u00e9 le 12.01.2021 \u00e0 00h18 par APA News Une convention dont l\u2019un des objectifs est de digitaliser l\u2019\u00e9conomie agricole en C\u00f4te d\u2019Ivoire a \u00e9t\u00e9 sign\u00e9e, lundi \u00e0 Abidjan par la F\u00e9d\u00e9ration des soci\u00e9t\u00e9s coop\u00e9ratives du vivrier de C\u00f4te d\u2019Ivoire ( FENASCOVICI) et une compagnie de t\u00e9l\u00e9phonie mobile. \u00ab Nous avons compris tr\u00e8s t\u00f4t la n\u00e9cessit\u00e9 [&hellip;]<\/p>\n","protected":false},"author":1965,"featured_media":0,"comment_status":"closed","ping_status":"closed","sticky":false,"template":"","format":"standard","meta":{"fifu_image_url":"","fifu_image_alt":"","footnotes":""},"categories":[73,82],"tags":[],"class_list":["post-109105","post","type-post","status-publish","format-standard","hentry","category-actualite","category-cameroun"],"_links":{"self":[{"href":"https:\/\/linitiative.ca\/International\/wp-json\/wp\/v2\/posts\/109105","targetHints":{"allow":["GET"]}}],"collection":[{"href":"https:\/\/linitiative.ca\/International\/wp-json\/wp\/v2\/posts"}],"about":[{"href":"https:\/\/linitiative.ca\/International\/wp-json\/wp\/v2\/types\/post"}],"author":[{"embeddable":true,"href":"https:\/\/linitiative.ca\/International\/wp-json\/wp\/v2\/users\/1965"}],"replies":[{"embeddable":true,"href":"https:\/\/linitiative.ca\/International\/wp-json\/wp\/v2\/comments?post=109105"}],"version-history":[{"count":0,"href":"https:\/\/linitiative.ca\/International\/wp-json\/wp\/v2\/posts\/109105\/revisions"}],"wp:attachment":[{"href":"https:\/\/linitiative.ca\/International\/wp-json\/wp\/v2\/media?parent=109105"}],"wp:term":[{"taxonomy":"category","embeddable":true,"href":"https:\/\/linitiative.ca\/International\/wp-json\/wp\/v2\/categories?post=109105"},{"taxonomy":"post_tag","embeddable":true,"href":"https:\/\/linitiative.ca\/International\/wp-json\/wp\/v2\/tags?post=109105"}],"curies":[{"name":"wp","href":"https:\/\/api.w.org\/{rel}","templated":true}]}}