{"id":109113,"date":"2021-01-12T09:00:34","date_gmt":"2021-01-12T14:00:34","guid":{"rendered":"https:\/\/linitiative.ca\/International\/souk-nsa-souk-des-droits-un-projet-pour-promouvoir-legalite-des-genres-a-tetouan\/"},"modified":"2021-01-12T09:00:34","modified_gmt":"2021-01-12T14:00:34","slug":"souk-nsa-souk-des-droits-un-projet-pour-promouvoir-legalite-des-genres-a-tetouan","status":"publish","type":"post","link":"https:\/\/linitiative.ca\/International\/souk-nsa-souk-des-droits-un-projet-pour-promouvoir-legalite-des-genres-a-tetouan\/","title":{"rendered":"\u00abSouk N\u2019sa, souk des droits\u00bb, un projet pour promouvoir l\u2019\u00e9galit\u00e9 des genres \u00e0 T\u00e9touan"},"content":{"rendered":"<p><img decoding=\"async\" class=\"post_layout_5_img\" src=\"http:\/\/aujourdhui.ma\/wp-content\/uploads\/2021\/01\/1-laffiche-du-recueil-celebrant-la-femme-marocaine.jpg\" alt=\"&#xAB;Souk N&#x2019;sa, souk des droits&#xBB;, un projet pour promouvoir l&#x2019;&#xE9;galit&#xE9; des genres &#xE0; T&#xE9;touan\"\/><\/p>\n<p><span class=\"c5\"><strong>Sensibilisation \u00e0 la lutte contre toutes les formes de discrimination \u00e0 l\u2019\u00e9gard des femmes<\/strong><\/span> <span id=\"more-365303\"\/><\/p>\n<p>Contribuer \u00e0 la promotion de l\u2019\u00e9galit\u00e9 femmes-hommes \u00e0 travers les arts dans la r\u00e9gion de T\u00e9touan. Tels sont les principaux objectifs du projet \u00abSouk N\u2019sa, souk des droits\u00bb, dont le lancement est marqu\u00e9 par une s\u00e9rie d\u2019activit\u00e9s et actions ax\u00e9es sur la diffusion de la culture \u00e9galitaire entre les sexes. Ce projet est port\u00e9 par la section Martil-T\u00e9touan de l\u2019Union de l\u2019action f\u00e9ministe (UAF) dans le cadre du programme Moucharaka Mouwatina, financ\u00e9 par l\u2019Union europ\u00e9enne et avec le soutien du minist\u00e8re de l\u2019Etat charg\u00e9 des droits de l\u2019Homme et des relations avec le Parlement, le Conseil national des droits de l\u2019Homme et le Bureau des Nations Unies pour les services d\u2019appui aux projets.<\/p>\n<p>Ainsi, le lancement de \u00abSouk N\u2019sa, souk des droits\u00bb est marqu\u00e9 par l\u2019\u00e9laboration d\u2019une \u00e9tude ayant pour objet l\u2019analyse des proverbes populaires et leur contenu (avec parfois des st\u00e9r\u00e9otypes et pr\u00e9jug\u00e9s sexistes) et ce dans le cadre de la lutte contre la discrimination \u00e0 l\u2019\u00e9gard des femmes. Dans ce m\u00eame contexte, ce projet vient d\u2019aider derni\u00e8rement, en coordination avec la Maison de la po\u00e9sie de T\u00e9touan, \u00e0 la publication d\u2019un recueil de po\u00e8mes en zajal pour c\u00e9l\u00e9brer la femme quelle que soit sa place dans la soci\u00e9t\u00e9. Intitul\u00e9 \u00abSabou Nissae,\u2026, Sabaatou Rijal\u00bb (Sept femmes,\u2026, sept hommes), ce recueil collectif regroupe quatorze po\u00e8tes et po\u00e9tesses, en l\u2019occurrence Zahra Zriek, Ahmed Lmssih, Dalila Fakhri, Abdelaziz Tahiri, Touria El Kadi, Abdelatif Benyahya, Sabah Bendaoued, Mourad Kadiri, Sara Oueled El Ghazal, Redouan Afandi, Rachida Chanek, Bouazza Senaoui, Sa\u00efda Amlal et Abdelmona\u00efm Riyan. \u00abCette nouvelle \u0153uvre po\u00e9tique constitue une partie lumineuse de plusieurs initiatives pr\u00e9sent\u00e9es dans le cadre de ce projet ambitieux et humain.<\/p>\n<p>Son objectif est favoriser et promouvoir la culture de l\u2019\u00e9galit\u00e9 entre les femmes et les hommes \u00e0 travers les lettres et les arts\u00bb, selon les initiateurs de ce projet. L\u2019importance de ce projet consiste en le respect du principe d\u2019\u00e9galit\u00e9 et d\u2019\u00e9quit\u00e9 dans le traitement par les quatorze po\u00e8tes et po\u00e9tesses des th\u00e8mes de \u00abSabou Nissae,\u2026, Sabaatou Rijal\u00bb. Leur participation n\u2019a pas \u00e9t\u00e9 limit\u00e9e quant au nombre de caract\u00e8res ou de po\u00e8mes de ce recueil. Ce qui a permis aux participants de donner libre cours \u00e0 leur imagination pour mieux s\u2019exprimer \u00e0 ce sujet.<\/p>\n<p>Notons que les r\u00e9sultats de l\u2019\u00e9tude portant sur l\u2019analyse des proverbes populaires marocains seront communiqu\u00e9s gr\u00e2ce \u00e0 la mobilisation de l\u2019UAF et ses partenaires pour mieux sensibiliser \u00e0 la lutte contre toutes les formes de discrimination envers les femmes. La pr\u00e9sentation de ces r\u00e9sultats sera suivie par des ateliers d\u2019accompagnement pour la r\u00e9\u00e9criture de quelques-uns de ces proverbes, et ce en rapport avec les objectifs trac\u00e9s dans le cadre de \u00abSouk N\u2019sa, souk des droits\u00bb.<\/p>\n<p>Auteur: Najat Fa\u00efssal<br \/>\n<a href=\"https:\/\/aujourdhui.ma\/societe\/souk-nsa-souk-des-droits-un-projet-pour-promouvoir-legalite-des-genres-a-tetouan\">Cliquez ici pour lire l&rsquo;article depuis sa source.<\/a><\/p>\n","protected":false},"excerpt":{"rendered":"<p>Sensibilisation \u00e0 la lutte contre toutes les formes de discrimination \u00e0 l\u2019\u00e9gard des femmes Contribuer \u00e0 la promotion de l\u2019\u00e9galit\u00e9 femmes-hommes \u00e0 travers les arts dans la r\u00e9gion de T\u00e9touan. Tels sont les principaux objectifs du projet \u00abSouk N\u2019sa, souk des droits\u00bb, dont le lancement est marqu\u00e9 par une s\u00e9rie d\u2019activit\u00e9s et actions ax\u00e9es sur [&hellip;]<\/p>\n","protected":false},"author":1759,"featured_media":0,"comment_status":"closed","ping_status":"closed","sticky":false,"template":"","format":"standard","meta":{"fifu_image_url":"http:\/\/aujourdhui.ma\/wp-content\/uploads\/2021\/01\/1-laffiche-du-recueil-celebrant-la-femme-marocaine.jpg","fifu_image_alt":"\u00abSouk N\u2019sa, souk des droits\u00bb, un projet pour promouvoir l\u2019\u00e9galit\u00e9 des genres \u00e0 T\u00e9touan","footnotes":""},"categories":[73,54],"tags":[],"class_list":["post-109113","post","type-post","status-publish","format-standard","hentry","category-actualite","category-maroc"],"_links":{"self":[{"href":"https:\/\/linitiative.ca\/International\/wp-json\/wp\/v2\/posts\/109113","targetHints":{"allow":["GET"]}}],"collection":[{"href":"https:\/\/linitiative.ca\/International\/wp-json\/wp\/v2\/posts"}],"about":[{"href":"https:\/\/linitiative.ca\/International\/wp-json\/wp\/v2\/types\/post"}],"author":[{"embeddable":true,"href":"https:\/\/linitiative.ca\/International\/wp-json\/wp\/v2\/users\/1759"}],"replies":[{"embeddable":true,"href":"https:\/\/linitiative.ca\/International\/wp-json\/wp\/v2\/comments?post=109113"}],"version-history":[{"count":0,"href":"https:\/\/linitiative.ca\/International\/wp-json\/wp\/v2\/posts\/109113\/revisions"}],"wp:attachment":[{"href":"https:\/\/linitiative.ca\/International\/wp-json\/wp\/v2\/media?parent=109113"}],"wp:term":[{"taxonomy":"category","embeddable":true,"href":"https:\/\/linitiative.ca\/International\/wp-json\/wp\/v2\/categories?post=109113"},{"taxonomy":"post_tag","embeddable":true,"href":"https:\/\/linitiative.ca\/International\/wp-json\/wp\/v2\/tags?post=109113"}],"curies":[{"name":"wp","href":"https:\/\/api.w.org\/{rel}","templated":true}]}}