{"id":109116,"date":"2021-01-12T10:13:16","date_gmt":"2021-01-12T15:13:16","guid":{"rendered":"https:\/\/linitiative.ca\/International\/cherifa-kersit-les-festivites-de-cette-annee-ont-un-autre-gout\/"},"modified":"2021-01-12T10:13:16","modified_gmt":"2021-01-12T15:13:16","slug":"cherifa-kersit-les-festivites-de-cette-annee-ont-un-autre-gout","status":"publish","type":"post","link":"https:\/\/linitiative.ca\/International\/cherifa-kersit-les-festivites-de-cette-annee-ont-un-autre-gout\/","title":{"rendered":"Ch\u00e9rifa Kersit : \u00ables festivit\u00e9s de cette ann\u00e9e ont un autre go\u00fbt!\u00bb"},"content":{"rendered":"<p><strong>Cette ann\u00e9e, les conditions sanitaires\u00a0 emp\u00eachent\u00a0 les artistes\u00a0 de rencontrer de pr\u00e8s notre public. Or, un bon nombre d\u2019entre eux se sont retourn\u00e9s vers le digital et les r\u00e9seaux sociaux pour grader les liens avec les m\u00e9lomanes et les amoureux de la musique et de la f\u00eate.\u00a0<\/strong><\/p>\n<p>\u00abLes festivit\u00e9s de cette ann\u00e9e ont un autre go\u00fbt. Certes, le digital ne peut pas remplacer le live et le show o\u00f9 l\u2019\u00e9motion et\u00a0 le partage sont les ma\u00eetres mots.\u00bb, \u00a0a confi\u00e9 Ch\u00e9rifa Kersit \u00e0 Al Bayane.<\/p>\n<p>Dans la r\u00e9gion de l\u2019Atlas, souligne la diva amazighe, la population f\u00eate en grande pompe \u00abHaggouza\u00bb en pr\u00e9parant\u00a0 le couscous aux sept l\u00e9gumes et d\u2019autres plats dans une atmosph\u00e8re festive. \u00abNous esp\u00e9rons que cette ann\u00e9e soit prosp\u00e8re et prometteuse. \u00bb, a-t-elle ajout\u00e9.<\/p>\n<p>Auteur: M&rsquo;hammed rahal<br \/>\n<a href=\"http:\/\/albayane.press.ma\/cherifa-kersit-les-festivites-de-cette-annee-ont-un-autre-gout.html\">Cliquez ici pour lire l&rsquo;article depuis sa source.<\/a><\/p>\n","protected":false},"excerpt":{"rendered":"<p>Cette ann\u00e9e, les conditions sanitaires\u00a0 emp\u00eachent\u00a0 les artistes\u00a0 de rencontrer de pr\u00e8s notre public. Or, un bon nombre d\u2019entre eux se sont retourn\u00e9s vers le digital et les r\u00e9seaux sociaux pour grader les liens avec les m\u00e9lomanes et les amoureux de la musique et de la f\u00eate.\u00a0 \u00abLes festivit\u00e9s de cette ann\u00e9e ont un autre [&hellip;]<\/p>\n","protected":false},"author":1760,"featured_media":0,"comment_status":"closed","ping_status":"closed","sticky":false,"template":"","format":"standard","meta":{"fifu_image_url":"","fifu_image_alt":"","footnotes":""},"categories":[73,54],"tags":[],"class_list":["post-109116","post","type-post","status-publish","format-standard","hentry","category-actualite","category-maroc"],"_links":{"self":[{"href":"https:\/\/linitiative.ca\/International\/wp-json\/wp\/v2\/posts\/109116","targetHints":{"allow":["GET"]}}],"collection":[{"href":"https:\/\/linitiative.ca\/International\/wp-json\/wp\/v2\/posts"}],"about":[{"href":"https:\/\/linitiative.ca\/International\/wp-json\/wp\/v2\/types\/post"}],"author":[{"embeddable":true,"href":"https:\/\/linitiative.ca\/International\/wp-json\/wp\/v2\/users\/1760"}],"replies":[{"embeddable":true,"href":"https:\/\/linitiative.ca\/International\/wp-json\/wp\/v2\/comments?post=109116"}],"version-history":[{"count":0,"href":"https:\/\/linitiative.ca\/International\/wp-json\/wp\/v2\/posts\/109116\/revisions"}],"wp:attachment":[{"href":"https:\/\/linitiative.ca\/International\/wp-json\/wp\/v2\/media?parent=109116"}],"wp:term":[{"taxonomy":"category","embeddable":true,"href":"https:\/\/linitiative.ca\/International\/wp-json\/wp\/v2\/categories?post=109116"},{"taxonomy":"post_tag","embeddable":true,"href":"https:\/\/linitiative.ca\/International\/wp-json\/wp\/v2\/tags?post=109116"}],"curies":[{"name":"wp","href":"https:\/\/api.w.org\/{rel}","templated":true}]}}