{"id":109117,"date":"2021-01-12T10:14:21","date_gmt":"2021-01-12T15:14:21","guid":{"rendered":"https:\/\/linitiative.ca\/International\/fatima-tabaamrant-la-reconnaissance-de-yennayer-nest-pas-seulement-une-revendication-mais-un-droit\/"},"modified":"2021-01-12T10:14:21","modified_gmt":"2021-01-12T15:14:21","slug":"fatima-tabaamrant-la-reconnaissance-de-yennayer-nest-pas-seulement-une-revendication-mais-un-droit","status":"publish","type":"post","link":"https:\/\/linitiative.ca\/International\/fatima-tabaamrant-la-reconnaissance-de-yennayer-nest-pas-seulement-une-revendication-mais-un-droit\/","title":{"rendered":"Fatima Tabaamrant : \u00abLa reconnaissance de Yennayer n\u2019est pas seulement une revendication mais un droit !\u00bb"},"content":{"rendered":"<p><strong>Cette ann\u00e9e, il n\u2019y aura pas de festivit\u00e9s vu la situation de l\u2019\u00e9tat d\u2019urgent sanitaire, affirme la chanteuse et po\u00e9tesse Fatima Tabaamrant. F\u00eater cet \u00e9v\u00e9nement historique, explique-t-elle, est une fiert\u00e9 pour tous les marocains. \u00abYennayer est un instant\u00a0 fort de l\u2019ann\u00e9e.<\/strong><\/p>\n<p>C\u2019est aussi une plong\u00e9e dans l\u2019histoire, dans la culture et dans la m\u00e9moire plurielle de notre pays sachant que l\u2019histoire de l\u2019amazighe dans le Nord d\u2019Afrique remonte \u00e0 plusieurs si\u00e8cles. \u00bb, a-t-elle dit.<\/p>\n<p>Selon Tabaamrant, la reconnaissance de Yennayer n\u2019est pas seulement une simple revendication, mais plut\u00f4t un droit. \u00abC\u2019est un droit pour tous les marocains pour qu\u2019ils puissent avoir une id\u00e9e sur l\u2019histoire de cette terre. Quant \u00e0 moi, je milite pour les droits de l\u2019amazigh afin de d\u00e9fendre cette langue, culture et civilisation dans sa pluralit\u00e9 linguistique, culturelle et civilisationnelle.\u00bb, a-t-elle expliqu\u00e9.<\/p>\n<p>L\u2019association Tayri N Wakal, qui a \u00e9t\u00e9 cr\u00e9\u00e9e apr\u00e8s la constitution de 2011, ajoute la chanteuse, \u00a0\u00a0a sorti cette tradition de Yennayer de l\u2019intime vers l\u2019espace public.<\/p>\n<p>\u00abAujourd\u2019hui, il faut l\u2019avouer, il y a une \u2018\u2019temp\u00eate\u2019\u2019 politique visant instrumentalis\u00e9e l\u2019amazighit\u00e9 pour des raisons \u00e9lectoralistes. Or, on voudrait que l\u2019amazighit\u00e9 soit une langue de tous les marocains au-del\u00e0 des surench\u00e8res politiques.\u00bb, a-t-elle affirm\u00e9.<\/p>\n<p>Toutefois, l\u2019amazighe, pr\u00e9cise Tabaamrant, commence \u00e0 perdre les acquis qui ont \u00e9t\u00e9 r\u00e9alis\u00e9s apr\u00e8s son officialisation. \u00abOn constate une r\u00e9gression en mati\u00e8re de l\u2019enseignement et les m\u00e9dias publics. On outre, il faudrait une volont\u00e9 politique pour la mise en \u0153uvre de l\u2019amazighe.\u00bb, conclut-elle.\u00a0\u00a0<\/p>\n<p>Auteur: M&rsquo;hammed rahal<br \/>\n<a href=\"http:\/\/albayane.press.ma\/fatima-tabaamrant-la-reconnaissance-de-yennayer-nest-pas-seulement-une-revendication-mais-un-droit.html\">Cliquez ici pour lire l&rsquo;article depuis sa source.<\/a><\/p>\n","protected":false},"excerpt":{"rendered":"<p>Cette ann\u00e9e, il n\u2019y aura pas de festivit\u00e9s vu la situation de l\u2019\u00e9tat d\u2019urgent sanitaire, affirme la chanteuse et po\u00e9tesse Fatima Tabaamrant. F\u00eater cet \u00e9v\u00e9nement historique, explique-t-elle, est une fiert\u00e9 pour tous les marocains. \u00abYennayer est un instant\u00a0 fort de l\u2019ann\u00e9e. C\u2019est aussi une plong\u00e9e dans l\u2019histoire, dans la culture et dans la m\u00e9moire plurielle [&hellip;]<\/p>\n","protected":false},"author":1760,"featured_media":0,"comment_status":"closed","ping_status":"closed","sticky":false,"template":"","format":"standard","meta":{"fifu_image_url":"","fifu_image_alt":"","footnotes":""},"categories":[73,54],"tags":[],"class_list":["post-109117","post","type-post","status-publish","format-standard","hentry","category-actualite","category-maroc"],"_links":{"self":[{"href":"https:\/\/linitiative.ca\/International\/wp-json\/wp\/v2\/posts\/109117","targetHints":{"allow":["GET"]}}],"collection":[{"href":"https:\/\/linitiative.ca\/International\/wp-json\/wp\/v2\/posts"}],"about":[{"href":"https:\/\/linitiative.ca\/International\/wp-json\/wp\/v2\/types\/post"}],"author":[{"embeddable":true,"href":"https:\/\/linitiative.ca\/International\/wp-json\/wp\/v2\/users\/1760"}],"replies":[{"embeddable":true,"href":"https:\/\/linitiative.ca\/International\/wp-json\/wp\/v2\/comments?post=109117"}],"version-history":[{"count":0,"href":"https:\/\/linitiative.ca\/International\/wp-json\/wp\/v2\/posts\/109117\/revisions"}],"wp:attachment":[{"href":"https:\/\/linitiative.ca\/International\/wp-json\/wp\/v2\/media?parent=109117"}],"wp:term":[{"taxonomy":"category","embeddable":true,"href":"https:\/\/linitiative.ca\/International\/wp-json\/wp\/v2\/categories?post=109117"},{"taxonomy":"post_tag","embeddable":true,"href":"https:\/\/linitiative.ca\/International\/wp-json\/wp\/v2\/tags?post=109117"}],"curies":[{"name":"wp","href":"https:\/\/api.w.org\/{rel}","templated":true}]}}