{"id":109118,"date":"2021-01-12T10:15:43","date_gmt":"2021-01-12T15:15:43","guid":{"rendered":"https:\/\/linitiative.ca\/International\/khadija-tililly-arouhal-revenez-a-la-raison\/"},"modified":"2021-01-12T10:15:43","modified_gmt":"2021-01-12T15:15:43","slug":"khadija-tililly-arouhal-revenez-a-la-raison","status":"publish","type":"post","link":"https:\/\/linitiative.ca\/International\/khadija-tililly-arouhal-revenez-a-la-raison\/","title":{"rendered":"Khadija Tililly Arouhal : \u00abRevenez \u00e0 la raison !\u00bb"},"content":{"rendered":"<p><strong>Pour Khadija Tililly Arouhal, po\u00e9tesse et militante, le nouvel an Amazigh est une occasion pour f\u00eater la terre autour des plats divers et savoureux montrant la richesse et la profondeur de la culture amazighe partag\u00e9e avec les autres pays de l\u2019Afrique du Nord.<\/strong><\/p>\n<p>\u00abC\u2019est une f\u00eate c\u00e9l\u00e9br\u00e9e aujourd\u2019hui dans les quatre coins du monde ; l\u00e0 o\u00f9 se trouve essentiellement une diaspora amazighe.\u00bb, a-t-elle dit. Et d\u2019ajouter : \u00abDe nos jours, notamment avec cette prise de conscience identitaire, les citoyennes et citoyens en tirent une fiert\u00e9 de leurs origines, identit\u00e9 et culture.\u00bb<\/p>\n<p>Chaque nuit du 12 janvier, la\u00a0 f\u00eate bat son plein dans les foyers des amazighs, et ce en pr\u00e9parant des plats comme \u00abTagla\u00bb ou encore \u00abAssida\u00bb.<\/p>\n<p>Lors de ces c\u00e9l\u00e9brations, ajoute la po\u00e9tesse, les femmes sont lesreines de la f\u00eate avec leurs beaux costumes et habits traditionnels color\u00e9s, et accompagn\u00e9s de bijoux pour accueillir le nouvel an dans la joie et le partage.<\/p>\n<p>Comme \u00e0 l\u2019accoutum\u00e9e, les amazighs c\u00e9l\u00e8brent leur \u00a0nouvel\u00a0 an (2971) tout en continuant les luttes \u00a0pour reconnaitre ce jour comme f\u00eate nationale et jour f\u00e9ri\u00e9, a-t-elle d\u00e9clar\u00e9 \u00e0 Al Bayane. Selon Arouhal toujours, reconnaitre ce jour est un retour \u00e0 la raison dans le but d\u2019accompagner les avanc\u00e9es sur les plans juridiques et constitutionnels en mati\u00e8re de l\u2019amazighe notamment apr\u00e8s la Constitution de 2011.<\/p>\n<p>D\u2019apr\u00e8s la militante amazighe, les appels des amazighs, ayant milit\u00e9 et lutt\u00e9 depuis des d\u00e9cennies pour l\u2019officialisation de l\u2019amazighe, pour reconnaitre \u00abYennayer\u00bb comme f\u00eate nationale et jour f\u00e9ri\u00e9 tombent \u00a0\u00e0 chaque fois dans l\u2019oreille d\u2019un sourd.<\/p>\n<p>En effet, apr\u00e8s avoir concr\u00e9tis\u00e9 \u00a0le r\u00eave de l\u2019officialisation de l\u2019amazighe dans la Constitution, et apr\u00e8s 8 ans du blocage inexplicable, le gouvernement a timidement \u2018\u2019lib\u00e9r\u00e9\u2019\u2019 cette loi organique, a-t-elle ajout\u00e9.<\/p>\n<p>Dans la foul\u00e9e, les militants ont exprim\u00e9 leur m\u00e9contentement concernant la fa\u00e7on avec laquelle cette loi a \u00e9t\u00e9 con\u00e7ue et pr\u00e9sent\u00e9e parce qu\u2019elle a \u00e9t\u00e9 r\u00e9duite, selon ses dires, \u00a0\u00e0 une reconnaissance symbolique dans le but de faire taire les voix qui ont largement critiqu\u00e9 la version de ladite loi.<\/p>\n<p>\u00abLes voix des militantes et militants se sont lev\u00e9es \u00e9galement pour pointer du doigt sur le projet de loi 04.20 relative \u00e0 la carte nationale d\u2019identit\u00e9 \u00e9lectronique (CNIE)\u00a0 dont la version ne r\u00e9pondait plus aux attentes des amazighs.\u00bb, a-t-elle affirm\u00e9. Et d\u2019ajouter\u00a0: \u00abcette nouvelle CNIE est \u00a0inconstitutionnelle pour avoir exclu la langue amazighe.\u00bb<\/p>\n<p>Il faut l\u2019avouer, le choix d\u00e9mocratique, a-t-elle rappel\u00e9, ne peut pas \u00a0se concr\u00e9tiser sans une v\u00e9ritable volont\u00e9 de tous acteurs concern\u00e9s au-del\u00e0, bien entendu des surench\u00e8res politiques freinant l\u2019avancement et le d\u00e9veloppement \u00a0de l\u2019amazigh.<\/p>\n<p>\u00abAujourd\u2019hui, nous sommes devant le d\u00e9fi du nouveau mod\u00e8le de d\u00e9veloppement sur lequel le Maroc mise pour gagner le pari de d\u00e9veloppement sur tous les plans dont l\u2019amazighe en fait partie, et ce respectant les droits culturels et linguistiques.\u00bb, a-t-elle soulign\u00e9.<\/p>\n<p>Auteur: M&rsquo;hammed rahal<br \/>\n<a href=\"http:\/\/albayane.press.ma\/khadija-tililly-arouhal-revenez-a-la-raison.html\">Cliquez ici pour lire l&rsquo;article depuis sa source.<\/a><\/p>\n","protected":false},"excerpt":{"rendered":"<p>Pour Khadija Tililly Arouhal, po\u00e9tesse et militante, le nouvel an Amazigh est une occasion pour f\u00eater la terre autour des plats divers et savoureux montrant la richesse et la profondeur de la culture amazighe partag\u00e9e avec les autres pays de l\u2019Afrique du Nord. \u00abC\u2019est une f\u00eate c\u00e9l\u00e9br\u00e9e aujourd\u2019hui dans les quatre coins du monde ; [&hellip;]<\/p>\n","protected":false},"author":1760,"featured_media":0,"comment_status":"closed","ping_status":"closed","sticky":false,"template":"","format":"standard","meta":{"fifu_image_url":"","fifu_image_alt":"","footnotes":""},"categories":[73,54],"tags":[],"class_list":["post-109118","post","type-post","status-publish","format-standard","hentry","category-actualite","category-maroc"],"_links":{"self":[{"href":"https:\/\/linitiative.ca\/International\/wp-json\/wp\/v2\/posts\/109118","targetHints":{"allow":["GET"]}}],"collection":[{"href":"https:\/\/linitiative.ca\/International\/wp-json\/wp\/v2\/posts"}],"about":[{"href":"https:\/\/linitiative.ca\/International\/wp-json\/wp\/v2\/types\/post"}],"author":[{"embeddable":true,"href":"https:\/\/linitiative.ca\/International\/wp-json\/wp\/v2\/users\/1760"}],"replies":[{"embeddable":true,"href":"https:\/\/linitiative.ca\/International\/wp-json\/wp\/v2\/comments?post=109118"}],"version-history":[{"count":0,"href":"https:\/\/linitiative.ca\/International\/wp-json\/wp\/v2\/posts\/109118\/revisions"}],"wp:attachment":[{"href":"https:\/\/linitiative.ca\/International\/wp-json\/wp\/v2\/media?parent=109118"}],"wp:term":[{"taxonomy":"category","embeddable":true,"href":"https:\/\/linitiative.ca\/International\/wp-json\/wp\/v2\/categories?post=109118"},{"taxonomy":"post_tag","embeddable":true,"href":"https:\/\/linitiative.ca\/International\/wp-json\/wp\/v2\/tags?post=109118"}],"curies":[{"name":"wp","href":"https:\/\/api.w.org\/{rel}","templated":true}]}}