{"id":109119,"date":"2021-01-12T10:29:28","date_gmt":"2021-01-12T15:29:28","guid":{"rendered":"https:\/\/linitiative.ca\/International\/%ef%bb%bfun-evenement-historique-qui-aura-un-impact-positif-sur-la-geostrategie-de-la-region\/"},"modified":"2021-01-12T10:29:28","modified_gmt":"2021-01-12T15:29:28","slug":"%ef%bb%bfun-evenement-historique-qui-aura-un-impact-positif-sur-la-geostrategie-de-la-region","status":"publish","type":"post","link":"https:\/\/linitiative.ca\/International\/%ef%bb%bfun-evenement-historique-qui-aura-un-impact-positif-sur-la-geostrategie-de-la-region\/","title":{"rendered":"\ufeffUn \u00e9v\u00e8nement historique qui aura un impact positif sur la g\u00e9ostrat\u00e9gie de la r\u00e9gion"},"content":{"rendered":"<p class=\"c2\"><strong>11\u00e8me r\u00e9union du Comit\u00e9 consultatif de d\u00e9fense maroco-am\u00e9ricain<\/strong><\/p>\n<p><strong>En ex\u00e9cution des Hautes Instructions Royales relatives \u00e0 la tenue de la 11\u00e8 session du Comit\u00e9 consultatif de d\u00e9fense (DCC), le ministre d\u00e9l\u00e9gu\u00e9 aupr\u00e8s du Chef du gouvernement charg\u00e9 de l\u2019Administration de la D\u00e9fense nationale, M. Abdeltif Loudyi, a re\u00e7u, mardi au si\u00e8ge de cette Administration, le Sous-Secr\u00e9taire \u00e0 la D\u00e9fense US, charg\u00e9 des Affaires politiques, M. Anthony Tata, en visite de travail de trois jours dans le Royaume \u00e0 la t\u00eate d\u2019une importante d\u00e9l\u00e9gation militaire.<\/strong><\/p>\n<p>Au d\u00e9but de leurs discussions, les deux responsables ont exprim\u00e9 leur satisfaction quant \u00e0 la solidit\u00e9, l\u2019excellence et la durabilit\u00e9 des liens privil\u00e9gi\u00e9s et du partenariat strat\u00e9gique d\u2019exception qui unissent les \u00c9tats-Unis d\u2019Am\u00e9rique et le Royaume du Maroc, indique un communiqu\u00e9 de l\u2019Etat Major G\u00e9n\u00e9ral des Forces Arm\u00e9es Royales (FAR).<\/p>\n<p>Ils ont \u00e9galement mis en exergue leur ambition de d\u00e9velopper davantage ces relations s\u00e9culaires dans le m\u00eame esprit d\u2019amiti\u00e9, de compr\u00e9hension mutuelle et de confiance partag\u00e9e, rapporte le communiqu\u00e9. Dans ce sillage, les deux responsables ont soulign\u00e9 l\u2019importance de la d\u00e9cision de l\u2019Administration am\u00e9ricaine de reconna\u00eetre la pleine souverainet\u00e9 du Royaume du Maroc sur l\u2019ensemble de la r\u00e9gion du Sahara marocain. Cette reconnaissance rend l\u2019initiative marocaine d\u2019autonomie la seule solution r\u00e9aliste, s\u00e9rieuse et pragmatique du conflit r\u00e9gional concernant nos provinces du Sud, selon la m\u00eame source.<\/p>\n<p>Les deux responsables ont \u00e9galement soulign\u00e9 que cet \u00e9v\u00e8nement historique aura certainement des impacts positifs sur la g\u00e9ostrat\u00e9gie de la r\u00e9gion ainsi que sur la paix, la stabilit\u00e9, la s\u00e9curit\u00e9 et l\u2019int\u00e9gration \u00e9conomique du Maghreb, du Sahel et du Moyen-Orient.<\/p>\n<p>M. Loudyi a, par ailleurs, mis en exergue l\u2019engagement constant, sous le leadership de Sa Majest\u00e9 le Roi Mohammed VI, Que Dieu le Glorifie, du Maroc en tant qu\u2019acteur important de stabilit\u00e9 r\u00e9gionale et ce, par le d\u00e9ploiement d\u2019une strat\u00e9gie multidimensionnelle en mati\u00e8re de lutte contre le terrorisme, les trafics illicites et de la gestion humaniste de la crise migratoire.<\/p>\n<p>Les deux responsables ont exprim\u00e9 leur satisfaction quant au bilan positif de la coop\u00e9ration militaire bilat\u00e9rale. R\u00e9guli\u00e8re, dense et diversifi\u00e9e, cette coop\u00e9ration concerne notamment les domaines de la formation des cadres, de l\u2019\u00e9change d\u2019expertise et l\u2019organisation d\u2019exercices conjoints d\u2019envergure. Elle est, par ailleurs, ponctu\u00e9e par la tenue r\u00e9guli\u00e8re de r\u00e9unions du Comit\u00e9 consultatif de d\u00e9fense.<\/p>\n<p>M. Loudyi a propos\u00e9 de consolider la coop\u00e9ration militaire avec les \u00c9tats-Unis, en invitant le D\u00e9partement de la d\u00e9fense am\u00e9ricaine \u00e0 explorer davantage les opportunit\u00e9s de collaboration pour l\u2019implantation au Maroc de projets conjoints d\u2019industrie de d\u00e9fense, selon la m\u00eame source.<\/p>\n<p>Dans la m\u00eame journ\u00e9e et en ex\u00e9cution des Hautes Instructions de SM le Roi, Chef supr\u00eame et Chef d\u2019Etat-Major G\u00e9n\u00e9ral des FAR, le G\u00e9n\u00e9ral de Corps d\u2019Arm\u00e9e, Inspecteur G\u00e9n\u00e9ral des FAR, a re\u00e7u au niveau de l\u2019Etat-Major G\u00e9n\u00e9ral des FAR, le Sous-Secr\u00e9taire \u00e0 la D\u00e9fense am\u00e9ricaine, charg\u00e9 des Affaires politiques, en pr\u00e9sence du G\u00e9n\u00e9ral de Corps d\u2019Arm\u00e9e, Commandant la Gendarmerie Royale.<\/p>\n<p>A cette occasion et dans le cadre de la onzi\u00e8me r\u00e9union du DCC maroco-am\u00e9ricain, une s\u00e9ance de travail restreinte a \u00e9t\u00e9 co-pr\u00e9sid\u00e9e par le G\u00e9n\u00e9ral de Corps d\u2019Arm\u00e9e, Inspecteur G\u00e9n\u00e9ral des FAR et le Sous-Secr\u00e9taire \u00e0 la D\u00e9fense am\u00e9ricaine, charg\u00e9 des Affaires politiques, poursuit le communiqu\u00e9.<\/p>\n<p>Il s\u2019en est suivi une s\u00e9ance pl\u00e9ni\u00e8re \u00e0 laquelle ont assist\u00e9 les membres de la d\u00e9l\u00e9gation am\u00e9ricaine, le Commandant de la Gendarmerie Royale et les chefs des organes de l\u2019Etat-Major G\u00e9n\u00e9ral des FAR, avec au menu la coop\u00e9ration militaire maroco-am\u00e9ricaine et les perspectives de son d\u00e9veloppement.<\/p>\n<p>Les deux d\u00e9l\u00e9gations marocaine et am\u00e9ricaine ont, \u00e0 cet effet, discut\u00e9 les diff\u00e9rents aspects et orientations essentiels \u00e0 la r\u00e9alisation de l\u2019interop\u00e9rabilit\u00e9.<\/p>\n<p>La r\u00e9union du DCC maroco-am\u00e9ricain, qui se tient tous les deux ans de mani\u00e8re alternative \u00e0 Rabat et \u00e0 Washington, s\u2019inscrit au titre de la coop\u00e9ration militaire bilat\u00e9rale qui porte essentiellement sur les domaines de la formation, de l\u2019entrainement, des \u00e9quipements militaires et de la logistique, conclut le communiqu\u00e9.<\/p>\n<p>Auteur: M&rsquo;hammed rahal<br \/>\n<a href=\"http:\/\/albayane.press.ma\/%EF%BB%BFun-evenement-historique-qui-aura-un-impact-positif-sur-la-geostrategie-de-la-region.html\">Cliquez ici pour lire l&rsquo;article depuis sa source.<\/a><\/p>\n","protected":false},"excerpt":{"rendered":"<p>11\u00e8me r\u00e9union du Comit\u00e9 consultatif de d\u00e9fense maroco-am\u00e9ricain En ex\u00e9cution des Hautes Instructions Royales relatives \u00e0 la tenue de la 11\u00e8 session du Comit\u00e9 consultatif de d\u00e9fense (DCC), le ministre d\u00e9l\u00e9gu\u00e9 aupr\u00e8s du Chef du gouvernement charg\u00e9 de l\u2019Administration de la D\u00e9fense nationale, M. Abdeltif Loudyi, a re\u00e7u, mardi au si\u00e8ge de cette Administration, le [&hellip;]<\/p>\n","protected":false},"author":1760,"featured_media":0,"comment_status":"closed","ping_status":"closed","sticky":false,"template":"","format":"standard","meta":{"fifu_image_url":"","fifu_image_alt":"","footnotes":""},"categories":[73,54],"tags":[],"class_list":["post-109119","post","type-post","status-publish","format-standard","hentry","category-actualite","category-maroc"],"_links":{"self":[{"href":"https:\/\/linitiative.ca\/International\/wp-json\/wp\/v2\/posts\/109119","targetHints":{"allow":["GET"]}}],"collection":[{"href":"https:\/\/linitiative.ca\/International\/wp-json\/wp\/v2\/posts"}],"about":[{"href":"https:\/\/linitiative.ca\/International\/wp-json\/wp\/v2\/types\/post"}],"author":[{"embeddable":true,"href":"https:\/\/linitiative.ca\/International\/wp-json\/wp\/v2\/users\/1760"}],"replies":[{"embeddable":true,"href":"https:\/\/linitiative.ca\/International\/wp-json\/wp\/v2\/comments?post=109119"}],"version-history":[{"count":0,"href":"https:\/\/linitiative.ca\/International\/wp-json\/wp\/v2\/posts\/109119\/revisions"}],"wp:attachment":[{"href":"https:\/\/linitiative.ca\/International\/wp-json\/wp\/v2\/media?parent=109119"}],"wp:term":[{"taxonomy":"category","embeddable":true,"href":"https:\/\/linitiative.ca\/International\/wp-json\/wp\/v2\/categories?post=109119"},{"taxonomy":"post_tag","embeddable":true,"href":"https:\/\/linitiative.ca\/International\/wp-json\/wp\/v2\/tags?post=109119"}],"curies":[{"name":"wp","href":"https:\/\/api.w.org\/{rel}","templated":true}]}}