{"id":109120,"date":"2021-01-12T10:35:55","date_gmt":"2021-01-12T15:35:55","guid":{"rendered":"https:\/\/linitiative.ca\/International\/le-sg-du-pps-recoit-une-delegation-des-marocains-du-monde\/"},"modified":"2021-01-12T10:35:55","modified_gmt":"2021-01-12T15:35:55","slug":"le-sg-du-pps-recoit-une-delegation-des-marocains-du-monde","status":"publish","type":"post","link":"https:\/\/linitiative.ca\/International\/le-sg-du-pps-recoit-une-delegation-des-marocains-du-monde\/","title":{"rendered":"Le SG du PPS re\u00e7oit une d\u00e9l\u00e9gation des Marocains du Monde"},"content":{"rendered":"<p class=\"c2\"><strong>Au si\u00e8ge national du Parti \u00e0 Rabat<\/strong><\/p>\n<p class=\"c3\"><strong>M\u2019barek Tafsi<\/strong><\/p>\n<p><strong>Le Secr\u00e9taire G\u00e9n\u00e9ral du Parti du Progr\u00e8s et du Socialisme, Mohammed Nabil Benabdallah, a re\u00e7u mercredi 6 Janvier 2021 au si\u00e8ge national du parti \u00e0 Rabat, une d\u00e9l\u00e9gation des Marocains du Monde repr\u00e9sentant diff\u00e9rents partis politiques nationaux\u00a0: PJD, PAM, Istiqlal, USFP, UC et PPS.<\/strong><\/p>\n<p>L\u2019entretien a port\u00e9 sur diff\u00e9rentes questions concernant notamment les moyens d\u2019assurer la pleine et enti\u00e8re participation des Marocains du Monde dans la vie politique et institutionnelle nationale.<\/p>\n<p>Suite de la une<\/p>\n<p>La rencontre a \u00e9galement permis au Secr\u00e9taire G\u00e9n\u00e9ral de s\u2019enqu\u00e9rir des diff\u00e9rentes initiatives militantes prises par le PPS et de ses plaidoyers pour la r\u00e9alisation de cet objectif, dont le dernier en date vise \u00e0 garantir la repr\u00e9sentation des Marocains du Monde au sein des listes \u00e9lectorales nationales ou r\u00e9gionales devant \u00eatre adopt\u00e9es au titre des \u00e9ch\u00e9ances \u00e9lectorales pr\u00e9vues en 2021.<\/p>\n<p>Pour son adoption, l\u2019id\u00e9e devra \u00eatre soutenue et port\u00e9e de mani\u00e8re forte de la part de l\u2019ensemble des partis politiques nationaux, \u00e0 l\u2019occasion des consultations en rapport avec les pr\u00e9paratifs de l\u2019arsenal juridique de cadrage des prochaines \u00e9lections, souligne par ailleurs dans un appel par vid\u00e9o le SG du PPS.<\/p>\n<p>Il indique de m\u00eame que le PPS milite depuis plus de 40 ans pour le respect des droits politiques et civiques des Marocains du Monde en tant qu\u2019\u00e9lecteurs et candidas dans les \u00e9ch\u00e9ances \u00e9lectorales nationales.<\/p>\n<p>Il rappelle aussi que l\u2019exp\u00e9rience des circonscriptions \u00e9lectorales \u00e0 l\u2019\u00e9tranger de 1984 avait notamment permis l\u2019\u00e9lection de repr\u00e9sentants de la diaspora marocaine au sein de la Chambre des repr\u00e9sentants.<\/p>\n<p>Si une telle option n\u2019est pas retenue pour les \u00e9lections de 2021, le PPS propose de r\u00e9server aux Marocains du Monde, de la part des partis politiques, des places avanc\u00e9es dans les listes nationales ou r\u00e9gionales qui seraient adopt\u00e9es, a-t-il sugg\u00e9r\u00e9.<\/p>\n<p>En 1984, note-t-on, 5 d\u00e9put\u00e9s MRE avaient \u00e9lus dans leurs circonscriptions \u00e0 l\u2019\u00e9tranger, \u00e0 l\u2019issue d\u2019un vote dans les consulats du Maroc \u00e0 Paris, Lyon, Bruxelles, Madrid et Tunis.<\/p>\n<p>Auteur: M&rsquo;hammed rahal<br \/>\n<a href=\"http:\/\/albayane.press.ma\/le-sg-du-pps-recoit-une-delegation-des-marocains-du-monde-2.html\">Cliquez ici pour lire l&rsquo;article depuis sa source.<\/a><\/p>\n","protected":false},"excerpt":{"rendered":"<p>Au si\u00e8ge national du Parti \u00e0 Rabat M\u2019barek Tafsi Le Secr\u00e9taire G\u00e9n\u00e9ral du Parti du Progr\u00e8s et du Socialisme, Mohammed Nabil Benabdallah, a re\u00e7u mercredi 6 Janvier 2021 au si\u00e8ge national du parti \u00e0 Rabat, une d\u00e9l\u00e9gation des Marocains du Monde repr\u00e9sentant diff\u00e9rents partis politiques nationaux\u00a0: PJD, PAM, Istiqlal, USFP, UC et PPS. L\u2019entretien a [&hellip;]<\/p>\n","protected":false},"author":1760,"featured_media":0,"comment_status":"closed","ping_status":"closed","sticky":false,"template":"","format":"standard","meta":{"fifu_image_url":"","fifu_image_alt":"","footnotes":""},"categories":[73,54],"tags":[],"class_list":["post-109120","post","type-post","status-publish","format-standard","hentry","category-actualite","category-maroc"],"_links":{"self":[{"href":"https:\/\/linitiative.ca\/International\/wp-json\/wp\/v2\/posts\/109120","targetHints":{"allow":["GET"]}}],"collection":[{"href":"https:\/\/linitiative.ca\/International\/wp-json\/wp\/v2\/posts"}],"about":[{"href":"https:\/\/linitiative.ca\/International\/wp-json\/wp\/v2\/types\/post"}],"author":[{"embeddable":true,"href":"https:\/\/linitiative.ca\/International\/wp-json\/wp\/v2\/users\/1760"}],"replies":[{"embeddable":true,"href":"https:\/\/linitiative.ca\/International\/wp-json\/wp\/v2\/comments?post=109120"}],"version-history":[{"count":0,"href":"https:\/\/linitiative.ca\/International\/wp-json\/wp\/v2\/posts\/109120\/revisions"}],"wp:attachment":[{"href":"https:\/\/linitiative.ca\/International\/wp-json\/wp\/v2\/media?parent=109120"}],"wp:term":[{"taxonomy":"category","embeddable":true,"href":"https:\/\/linitiative.ca\/International\/wp-json\/wp\/v2\/categories?post=109120"},{"taxonomy":"post_tag","embeddable":true,"href":"https:\/\/linitiative.ca\/International\/wp-json\/wp\/v2\/tags?post=109120"}],"curies":[{"name":"wp","href":"https:\/\/api.w.org\/{rel}","templated":true}]}}