{"id":109122,"date":"2021-01-12T05:15:07","date_gmt":"2021-01-12T10:15:07","guid":{"rendered":"https:\/\/linitiative.ca\/International\/catc-promotion-de-lhuile-dolive-tunisienne-sur-le-marche-chinois\/"},"modified":"2021-01-12T05:15:07","modified_gmt":"2021-01-12T10:15:07","slug":"catc-promotion-de-lhuile-dolive-tunisienne-sur-le-marche-chinois","status":"publish","type":"post","link":"https:\/\/linitiative.ca\/International\/catc-promotion-de-lhuile-dolive-tunisienne-sur-le-marche-chinois\/","title":{"rendered":"CATC : Promotion de l\u2019huile d\u2019olive tunisienne sur le march\u00e9 chinois"},"content":{"rendered":"<div class=\"td-post-content\">\n<p>Selon le CATC, le webinaire portera sur le march\u00e9 chinois. Il se tiendra le 15 janvier courant.<\/p>\n<p>Cette rencontre virtuelle rassemblera des exportateurs et des professionnels tunisiens avec des responsables de la chambre de commerce chinoise des produits agricoles et alimentaires, a indiqu\u00e9 la vice-pr\u00e9sidente de la CATC, Douha Mizouni.<\/p>\n<p>Il s\u2019agit de discuter, selon elle, de la situation actuelle des \u00e9changes commerciaux entre les deux pays. Enfin, le webinaire permettra d\u2019identifi\u00e9 des moyens \u00e0 m\u00eame de promouvoir l\u2019huile d\u2019olive tunisienne sur le march\u00e9 chinois.<\/p>\n<p><em>Avec TAP<\/em><\/p>\n<\/div>\n<footer>\n<\/footer>\n<div class=\"wp-post-author-wrap wp-post-author-shortcode left\">\n<h3 class=\"awpa-title\"\/>\n<div class=\"wp-post-author\">\n<div class=\"awpa-img awpa-author-block square\"><a href=\"http:\/\/lexpertjournal.net\/fr\/?author=5\"><img loading=\"lazy\" decoding=\"async\" alt=\"\" src=\"http:\/\/0.gravatar.com\/avatar\/97f8e10a1c1125ba104a76514ee07b16?s=150&amp;d=mm&amp;r=g\" srcset=\"http:\/\/0.gravatar.com\/avatar\/97f8e10a1c1125ba104a76514ee07b16?s=300&amp;d=mm&amp;r=g 2x\" class=\"avatar avatar-150 photo\" height=\"150\" width=\"150\"\/><\/a><\/div>\n<\/div>\n<\/div>\n<aside class=\"mashsb-container mashsb-main mashsb-stretched\">\n<\/aside>\n<p>Auteur: L&rsquo;expert<br \/>\n<a href=\"http:\/\/lexpertjournal.net\/fr\/?p=18062\">Cliquez ici pour lire l&rsquo;article depuis sa source.<\/a><\/p>\n","protected":false},"excerpt":{"rendered":"<p>Selon le CATC, le webinaire portera sur le march\u00e9 chinois. Il se tiendra le 15 janvier courant. Cette rencontre virtuelle rassemblera des exportateurs et des professionnels tunisiens avec des responsables de la chambre de commerce chinoise des produits agricoles et alimentaires, a indiqu\u00e9 la vice-pr\u00e9sidente de la CATC, Douha Mizouni. Il s\u2019agit de discuter, selon [&hellip;]<\/p>\n","protected":false},"author":1775,"featured_media":0,"comment_status":"closed","ping_status":"closed","sticky":false,"template":"","format":"standard","meta":{"fifu_image_url":"http:\/\/0.gravatar.com\/avatar\/97f8e10a1c1125ba104a76514ee07b16?s=150&d=mm&r=g","fifu_image_alt":"CATC : Promotion de l\u2019huile d\u2019olive tunisienne sur le march\u00e9 chinois","footnotes":""},"categories":[78,55],"tags":[],"class_list":["post-109122","post","type-post","status-publish","format-standard","hentry","category-economie","category-tunisie"],"_links":{"self":[{"href":"https:\/\/linitiative.ca\/International\/wp-json\/wp\/v2\/posts\/109122","targetHints":{"allow":["GET"]}}],"collection":[{"href":"https:\/\/linitiative.ca\/International\/wp-json\/wp\/v2\/posts"}],"about":[{"href":"https:\/\/linitiative.ca\/International\/wp-json\/wp\/v2\/types\/post"}],"author":[{"embeddable":true,"href":"https:\/\/linitiative.ca\/International\/wp-json\/wp\/v2\/users\/1775"}],"replies":[{"embeddable":true,"href":"https:\/\/linitiative.ca\/International\/wp-json\/wp\/v2\/comments?post=109122"}],"version-history":[{"count":0,"href":"https:\/\/linitiative.ca\/International\/wp-json\/wp\/v2\/posts\/109122\/revisions"}],"wp:attachment":[{"href":"https:\/\/linitiative.ca\/International\/wp-json\/wp\/v2\/media?parent=109122"}],"wp:term":[{"taxonomy":"category","embeddable":true,"href":"https:\/\/linitiative.ca\/International\/wp-json\/wp\/v2\/categories?post=109122"},{"taxonomy":"post_tag","embeddable":true,"href":"https:\/\/linitiative.ca\/International\/wp-json\/wp\/v2\/tags?post=109122"}],"curies":[{"name":"wp","href":"https:\/\/api.w.org\/{rel}","templated":true}]}}