{"id":109123,"date":"2021-01-12T06:02:57","date_gmt":"2021-01-12T11:02:57","guid":{"rendered":"https:\/\/linitiative.ca\/International\/aject-composition-du-nouveau-bureau-directeur\/"},"modified":"2021-01-12T06:02:57","modified_gmt":"2021-01-12T11:02:57","slug":"aject-composition-du-nouveau-bureau-directeur","status":"publish","type":"post","link":"https:\/\/linitiative.ca\/International\/aject-composition-du-nouveau-bureau-directeur\/","title":{"rendered":"AJECT : composition du nouveau bureau directeur"},"content":{"rendered":"<h2>si\u00e8ge de l\u2019IACE, samedi 9 janvier son Assembl\u00e9e g\u00e9n\u00e9rale \u00e9lective.<\/h2>\n<p>Le nouveau Bureau directeur de l\u2019AJECT est compos\u00e9 comme suit :<\/p>\n<ol>\n<li>Sana Jamoussi<\/li>\n<li>Skander Bouassida<\/li>\n<li>Oualid Jaafar<\/li>\n<li>Walid Bouchoucha<\/li>\n<li>Salma B\u2019Chir<\/li>\n<li>Mouneem Taieb<\/li>\n<li>Mohamed Karim Lourimi<\/li>\n<li>Mohamed Ali Louati<\/li>\n<li>Naoufel Youssef<\/li>\n<\/ol>\n<p>leconomistemaghrebin<\/p>\n<div class=\"wp-post-author-wrap wp-post-author-shortcode left\">\n<h3 class=\"awpa-title\"\/>\n<div class=\"wp-post-author\">\n<div class=\"awpa-img awpa-author-block square\"><a href=\"http:\/\/lexpertjournal.net\/fr\/?author=5\"><img loading=\"lazy\" decoding=\"async\" alt=\"\" src=\"http:\/\/0.gravatar.com\/avatar\/97f8e10a1c1125ba104a76514ee07b16?s=150&amp;d=mm&amp;r=g\" srcset=\"http:\/\/0.gravatar.com\/avatar\/97f8e10a1c1125ba104a76514ee07b16?s=300&amp;d=mm&amp;r=g 2x\" class=\"avatar avatar-150 photo\" height=\"150\" width=\"150\"\/><\/a><\/div>\n<\/div>\n<\/div>\n<aside class=\"mashsb-container mashsb-main mashsb-stretched\">\n<\/aside>\n<p>Auteur: L&rsquo;expert<br \/>\n<a href=\"http:\/\/lexpertjournal.net\/fr\/?p=18066\">Cliquez ici pour lire l&rsquo;article depuis sa source.<\/a><\/p>\n","protected":false},"excerpt":{"rendered":"<p>si\u00e8ge de l\u2019IACE, samedi 9 janvier son Assembl\u00e9e g\u00e9n\u00e9rale \u00e9lective. Le nouveau Bureau directeur de l\u2019AJECT est compos\u00e9 comme suit : Sana Jamoussi Skander Bouassida Oualid Jaafar Walid Bouchoucha Salma B\u2019Chir Mouneem Taieb Mohamed Karim Lourimi Mohamed Ali Louati Naoufel Youssef leconomistemaghrebin Auteur: L&rsquo;expert Cliquez ici pour lire l&rsquo;article depuis sa source.<\/p>\n","protected":false},"author":1775,"featured_media":0,"comment_status":"closed","ping_status":"closed","sticky":false,"template":"","format":"standard","meta":{"fifu_image_url":"http:\/\/0.gravatar.com\/avatar\/97f8e10a1c1125ba104a76514ee07b16?s=150&d=mm&r=g","fifu_image_alt":"AJECT : composition du nouveau bureau directeur","footnotes":""},"categories":[78,55],"tags":[],"class_list":["post-109123","post","type-post","status-publish","format-standard","hentry","category-economie","category-tunisie"],"_links":{"self":[{"href":"https:\/\/linitiative.ca\/International\/wp-json\/wp\/v2\/posts\/109123","targetHints":{"allow":["GET"]}}],"collection":[{"href":"https:\/\/linitiative.ca\/International\/wp-json\/wp\/v2\/posts"}],"about":[{"href":"https:\/\/linitiative.ca\/International\/wp-json\/wp\/v2\/types\/post"}],"author":[{"embeddable":true,"href":"https:\/\/linitiative.ca\/International\/wp-json\/wp\/v2\/users\/1775"}],"replies":[{"embeddable":true,"href":"https:\/\/linitiative.ca\/International\/wp-json\/wp\/v2\/comments?post=109123"}],"version-history":[{"count":0,"href":"https:\/\/linitiative.ca\/International\/wp-json\/wp\/v2\/posts\/109123\/revisions"}],"wp:attachment":[{"href":"https:\/\/linitiative.ca\/International\/wp-json\/wp\/v2\/media?parent=109123"}],"wp:term":[{"taxonomy":"category","embeddable":true,"href":"https:\/\/linitiative.ca\/International\/wp-json\/wp\/v2\/categories?post=109123"},{"taxonomy":"post_tag","embeddable":true,"href":"https:\/\/linitiative.ca\/International\/wp-json\/wp\/v2\/tags?post=109123"}],"curies":[{"name":"wp","href":"https:\/\/api.w.org\/{rel}","templated":true}]}}