{"id":109124,"date":"2021-01-12T07:09:45","date_gmt":"2021-01-12T12:09:45","guid":{"rendered":"https:\/\/linitiative.ca\/International\/ins-deficit-commercial-10912-millions-dinars-a-fin-decembre-2020\/"},"modified":"2021-01-12T07:09:45","modified_gmt":"2021-01-12T12:09:45","slug":"ins-deficit-commercial-10912-millions-dinars-a-fin-decembre-2020","status":"publish","type":"post","link":"https:\/\/linitiative.ca\/International\/ins-deficit-commercial-10912-millions-dinars-a-fin-decembre-2020\/","title":{"rendered":"INS \u2013 d\u00e9ficit commercial : -1091,2 Millions Dinars \u00e0 fin d\u00e9cembre 2020"},"content":{"rendered":"<h2>Le d\u00e9ficit commercial s\u2019est r\u00e9duit de 520,6 Millions de Dinars (MD), pour s\u2019\u00e9tablir \u00e0 \u2013 1091,2 MD, au mois de d\u00e9cembre 2020,contre -1611,8 MD, en d\u00e9cembre 2019, selon l\u2019<a href=\"http:\/\/www.ins.tn\/\" target=\"_blank\" rel=\"noopener noreferrer\">Institut National de la Statistique (INS)<\/a>.<\/h2>\n<p class=\"news_item_view_plain_text\">Les\u00a0<a href=\"http:\/\/www.leconomistemaghrebin.com\/2021\/01\/12\/ins-reduction-du-deficit-commercial-aux-prix-courants-de-66784-md-en-2020\/\" target=\"_blank\" rel=\"noopener noreferrer\">\u00e9changes commerciaux<\/a>\u00a0de la Tunisie avec l\u2019ext\u00e9rieur aux prix courants, durant le mois de d\u00e9cembre 2020, montrent que les exportations ont augment\u00e9 de 8,1%, sur un an (-0,8% en novembre) pour atteindre 3755,5MD, contre 3475,4 MD, en d\u00e9cembre 2019.<\/p>\n<p class=\"news_item_view_plain_text\">Cette hausse est expliqu\u00e9e, d\u2019une part, par l\u2019augmentation observ\u00e9e au niveau du secteur de l\u2019\u00e9nergie (+106,2%), du secteur des industries m\u00e9caniques et \u00e9lectriques de (+14,4%), du secteur textile, habillement et cuirs de (+5,2%).<\/p>\n<p class=\"news_item_view_plain_text\">Il s\u2019agit, \u00e9galement, de la baisse enregistr\u00e9e dans le secteur des mines, phosphates et d\u00e9riv\u00e9s de (-44,5%) et le secteur de l\u2019agriculture et des industries agro-alimentaires (-6,9%).<\/p>\n<p class=\"news_item_view_plain_text\">La r\u00e9partition par pays d\u00e9note de la hausse des ventes de biens vers certains partenaires europ\u00e9ens, essentiellement la France (+5%), l\u2019Italie (+24,1%), l\u2019Espagne (+19,2%) et l\u2019Allemagne (+20%).<\/p>\n<p class=\"news_item_view_plain_text\">En revanche les ventes de la Tunisie ont diminu\u00e9 avec certains pays arabes tels que la Libye (-33,7%), l\u2019Alg\u00e9rie (-27,7%) et l\u2019Egypte (-17,6%).<\/p>\n<h2 class=\"news_item_view_plain_text\">Baisse de 4,7% des importations au mois de d\u00e9cembre<\/h2>\n<p class=\"news_item_view_plain_text\">Les importations ont enregistr\u00e9 une baisse de 4,7%, par rapport au m\u00eame mois de l\u2019ann\u00e9e 2019 (-8,8% en novembre), pour atteindre 4846,7MD, contre 5087,2MD, en d\u00e9cembre 2019.<\/p>\n<p class=\"news_item_view_plain_text\">Cette baisse r\u00e9sulte essentiellement \u00e0 la r\u00e9gression observ\u00e9e au niveau des achats de la Tunisie de produits \u00e9nerg\u00e9tiques (-58%) et de biens d\u2019\u00e9quipement (-18,3%).<\/p>\n<p class=\"news_item_view_plain_text\">En outre, les importations de produits miniers et phosphat\u00e9s ont augment\u00e9 de 28,6% et celles des mati\u00e8res premi\u00e8res et demi produits (+12,9%) et des biens de consommation (+7,5%).<\/p>\n<p class=\"news_item_view_plain_text\">Selon la r\u00e9partition g\u00e9ographique, la baisse des importations est due essentiellement \u00e0 la diminution des achats du pays chez ses premiers partenaires europ\u00e9ens, tels que la France (-8,6%) et l\u2019Italie (-2,4%). La Libye a aussi observ\u00e9e une r\u00e9gression (-88,6%), l\u2019Alg\u00e9rie (-58%) et l\u2019Egypte (-58,2%).<\/p>\n<p><em>Avec TAP<\/em><\/p>\n<div class=\"wp-post-author-wrap wp-post-author-shortcode left\">\n<h3 class=\"awpa-title\"\/>\n<div class=\"wp-post-author\">\n<div class=\"awpa-img awpa-author-block square\"><a href=\"http:\/\/lexpertjournal.net\/fr\/?author=5\"><img loading=\"lazy\" decoding=\"async\" alt=\"\" src=\"http:\/\/0.gravatar.com\/avatar\/97f8e10a1c1125ba104a76514ee07b16?s=150&amp;d=mm&amp;r=g\" srcset=\"http:\/\/0.gravatar.com\/avatar\/97f8e10a1c1125ba104a76514ee07b16?s=300&amp;d=mm&amp;r=g 2x\" class=\"avatar avatar-150 photo\" height=\"150\" width=\"150\"\/><\/a><\/div>\n<\/div>\n<\/div>\n<aside class=\"mashsb-container mashsb-main mashsb-stretched\">\n<\/aside>\n<p>Auteur: L&rsquo;expert<br \/>\n<a href=\"http:\/\/lexpertjournal.net\/fr\/?p=18069\">Cliquez ici pour lire l&rsquo;article depuis sa source.<\/a><\/p>\n","protected":false},"excerpt":{"rendered":"<p>Le d\u00e9ficit commercial s\u2019est r\u00e9duit de 520,6 Millions de Dinars (MD), pour s\u2019\u00e9tablir \u00e0 \u2013 1091,2 MD, au mois de d\u00e9cembre 2020,contre -1611,8 MD, en d\u00e9cembre 2019, selon l\u2019Institut National de la Statistique (INS). Les\u00a0\u00e9changes commerciaux\u00a0de la Tunisie avec l\u2019ext\u00e9rieur aux prix courants, durant le mois de d\u00e9cembre 2020, montrent que les exportations ont augment\u00e9 [&hellip;]<\/p>\n","protected":false},"author":1775,"featured_media":0,"comment_status":"closed","ping_status":"closed","sticky":false,"template":"","format":"standard","meta":{"fifu_image_url":"http:\/\/0.gravatar.com\/avatar\/97f8e10a1c1125ba104a76514ee07b16?s=150&d=mm&r=g","fifu_image_alt":"INS \u2013 d\u00e9ficit commercial : -1091,2 Millions Dinars \u00e0 fin d\u00e9cembre 2020","footnotes":""},"categories":[78,55],"tags":[],"class_list":["post-109124","post","type-post","status-publish","format-standard","hentry","category-economie","category-tunisie"],"_links":{"self":[{"href":"https:\/\/linitiative.ca\/International\/wp-json\/wp\/v2\/posts\/109124","targetHints":{"allow":["GET"]}}],"collection":[{"href":"https:\/\/linitiative.ca\/International\/wp-json\/wp\/v2\/posts"}],"about":[{"href":"https:\/\/linitiative.ca\/International\/wp-json\/wp\/v2\/types\/post"}],"author":[{"embeddable":true,"href":"https:\/\/linitiative.ca\/International\/wp-json\/wp\/v2\/users\/1775"}],"replies":[{"embeddable":true,"href":"https:\/\/linitiative.ca\/International\/wp-json\/wp\/v2\/comments?post=109124"}],"version-history":[{"count":0,"href":"https:\/\/linitiative.ca\/International\/wp-json\/wp\/v2\/posts\/109124\/revisions"}],"wp:attachment":[{"href":"https:\/\/linitiative.ca\/International\/wp-json\/wp\/v2\/media?parent=109124"}],"wp:term":[{"taxonomy":"category","embeddable":true,"href":"https:\/\/linitiative.ca\/International\/wp-json\/wp\/v2\/categories?post=109124"},{"taxonomy":"post_tag","embeddable":true,"href":"https:\/\/linitiative.ca\/International\/wp-json\/wp\/v2\/tags?post=109124"}],"curies":[{"name":"wp","href":"https:\/\/api.w.org\/{rel}","templated":true}]}}