{"id":109130,"date":"2021-01-12T08:30:00","date_gmt":"2021-01-12T13:30:00","guid":{"rendered":"https:\/\/linitiative.ca\/International\/le-cable-sous-marin-orval-alval-en-exploitation-depuis-le-31-decembre-2020\/"},"modified":"2021-01-12T08:30:00","modified_gmt":"2021-01-12T13:30:00","slug":"le-cable-sous-marin-orval-alval-en-exploitation-depuis-le-31-decembre-2020","status":"publish","type":"post","link":"https:\/\/linitiative.ca\/International\/le-cable-sous-marin-orval-alval-en-exploitation-depuis-le-31-decembre-2020\/","title":{"rendered":"Le c\u00e2ble sous-marin Orval-Alval en exploitation depuis le 31 d\u00e9cembre 2020"},"content":{"rendered":"<div id=\"originalText\" readability=\"66\">\n<p class=\"c6\">Un c\u00e2ble sous-marin, reliant le r\u00e9seau de t\u00e9l\u00e9communications national au r\u00e9seau europ\u00e9en, au niveau de la ville de Valence\u00a0(Espagne) est \u00ab\u00a0effectif depuis le 31 d\u00e9cembre\u00a02020\u00a0\u00bb, a indiqu\u00e9, ce mardi, le ministre de la Poste et des T\u00e9l\u00e9communications, Brahim\u00a0Boumzar, \u00e0 l\u2019APS. Il a \u00e9galement expliqu\u00e9 que ce syst\u00e8me de flux entrant\u00a0et sortant par les deux stations d&rsquo;Alger et d&rsquo;Oran \u00ab\u00a0fournit une importante capacit\u00e9 de transmission\u00a0disponible (jusqu\u2019\u00e0 40 Terabit\/s)\u00a0\u00bb.<\/p>\n<p class=\"c6\">Au sujet du c\u00e2ble en fibre optique Medex, le ministre\u00a0a indiqu\u00e9 qu\u2019il raccordait, depuis Annaba, le r\u00e9seau internet\u00a0alg\u00e9rien de fibre optique au r\u00e9seau international, reliant les Etats-Unis\u00a0d&rsquo;Am\u00e9rique \u00e0 l&rsquo;Asie par le Bassin m\u00e9diterran\u00e9en, \u00ab\u00a0est op\u00e9rationnel depuis\u00a0sa mise en exploitation en 2019\u00a0\u00bb. Concernant la capacit\u00e9 de la fibre, le ministre a pr\u00e9cis\u00e9 qu\u2019elle est \u00ab actuellement de 400 Gigaoctets de Medex, sur un total de 2\u00a0T\u00e9raoctets\u00a0\u00bb, ajoutant que\u00a0l&rsquo;Alg\u00e9rie\u00a0comptait \u00ab\u00a0quatre liaisons sous-marines en exploitation et\u00a0ambitionne de se doter de nouveaux c\u00e2bles sous-marins afin de s\u00e9curiser davantage le r\u00e9seau de t\u00e9l\u00e9communications du pays\u00a0\u00bb.<\/p>\n<p class=\"c6\">Le ministre des t\u00e9l\u00e9communications est revenu \u00e9galement sur le projet de d\u00e9cret relatif \u00e0 la portabilit\u00e9 des num\u00e9ros (possibilit\u00e9 pour un abonn\u00e9 de conserver son num\u00e9ro de t\u00e9l\u00e9phone en changeant d\u2019op\u00e9rateur) qui est selon lui \u00ab\u00a0en voie de finalisation\u00a0\u00bb.<\/p>\n<p class=\"c6\">Brahim\u00a0Boumzar a par ailleurs pr\u00e9cis\u00e9 que \u00ab\u00a0la premi\u00e8re mouture est d\u00e9j\u00e0 soumise \u00e0 l&rsquo;appr\u00e9ciation du R\u00e9gulateur (Autorit\u00e9 de r\u00e9gulation de la poste et des communications \u00e9lectroniques), puis elle sera transmise au SGG (Secr\u00e9tariat g\u00e9n\u00e9ral du gouvernement)\u00a0\u00bb. Il a en outre expliqu\u00e9 la portabilit\u00e9 des num\u00e9ros \u00ab\u00a0offre \u00e0 l&rsquo;abonn\u00e9 le droit de conserver son num\u00e9ro de t\u00e9l\u00e9phone lorsqu&rsquo;il change d&rsquo;op\u00e9rateur, permettant ainsi de faire jouer la concurrence entre les op\u00e9rateurs de t\u00e9l\u00e9phonie mobile en offrant plus de choix aux abonn\u00e9s\u00a0\u00bb.<\/p>\n<p class=\"c7\"><strong>R\u00e9daction WEB<\/strong><\/p>\n<\/div>\n<div id=\"text_core\" readability=\"66\">\n<p class=\"c6\">Un c\u00e2ble sous-marin, reliant le r\u00e9seau de t\u00e9l\u00e9communications national au r\u00e9seau europ\u00e9en, au niveau de la ville de Valence\u00a0(Espagne) est \u00ab\u00a0effectif depuis le 31 d\u00e9cembre\u00a02020\u00a0\u00bb, a indiqu\u00e9, ce mardi, le ministre de la Poste et des T\u00e9l\u00e9communications, Brahim\u00a0Boumzar, \u00e0 l\u2019APS. Il a \u00e9galement expliqu\u00e9 que ce syst\u00e8me de flux entrant\u00a0et sortant par les deux stations d&rsquo;Alger et d&rsquo;Oran \u00ab\u00a0fournit une importante capacit\u00e9 de transmission\u00a0disponible (jusqu\u2019\u00e0 40 Terabit\/s)\u00a0\u00bb.<\/p>\n<p class=\"c6\">Au sujet du c\u00e2ble en fibre optique Medex, le ministre\u00a0a indiqu\u00e9 qu\u2019il raccordait, depuis Annaba, le r\u00e9seau internet\u00a0alg\u00e9rien de fibre optique au r\u00e9seau international, reliant les Etats-Unis\u00a0d&rsquo;Am\u00e9rique \u00e0 l&rsquo;Asie par le Bassin m\u00e9diterran\u00e9en, \u00ab\u00a0est op\u00e9rationnel depuis\u00a0sa mise en exploitation en 2019\u00a0\u00bb. Concernant la capacit\u00e9 de la fibre, le ministre a pr\u00e9cis\u00e9 qu\u2019elle est \u00ab actuellement de 400 Gigaoctets de Medex, sur un total de 2\u00a0T\u00e9raoctets\u00a0\u00bb, ajoutant que\u00a0l&rsquo;Alg\u00e9rie\u00a0comptait \u00ab\u00a0quatre liaisons sous-marines en exploitation et\u00a0ambitionne de se doter de nouveaux c\u00e2bles sous-marins afin de s\u00e9curiser davantage le r\u00e9seau de t\u00e9l\u00e9communications du pays\u00a0\u00bb.<\/p>\n<p class=\"c6\">Le ministre des t\u00e9l\u00e9communications est revenu \u00e9galement sur le projet de d\u00e9cret relatif \u00e0 la portabilit\u00e9 des num\u00e9ros (possibilit\u00e9 pour un abonn\u00e9 de conserver son num\u00e9ro de t\u00e9l\u00e9phone en changeant d\u2019op\u00e9rateur) qui est selon lui \u00ab\u00a0en voie de finalisation\u00a0\u00bb.<\/p>\n<p class=\"c6\">Brahim\u00a0Boumzar a par ailleurs pr\u00e9cis\u00e9 que \u00ab\u00a0la premi\u00e8re mouture est d\u00e9j\u00e0 soumise \u00e0 l&rsquo;appr\u00e9ciation du R\u00e9gulateur (Autorit\u00e9 de r\u00e9gulation de la poste et des communications \u00e9lectroniques), puis elle sera transmise au SGG (Secr\u00e9tariat g\u00e9n\u00e9ral du gouvernement)\u00a0\u00bb. Il a en outre expliqu\u00e9 la portabilit\u00e9 des num\u00e9ros \u00ab\u00a0offre \u00e0 l&rsquo;abonn\u00e9 le droit de conserver son num\u00e9ro de t\u00e9l\u00e9phone lorsqu&rsquo;il change d&rsquo;op\u00e9rateur, permettant ainsi de faire jouer la concurrence entre les op\u00e9rateurs de t\u00e9l\u00e9phonie mobile en offrant plus de choix aux abonn\u00e9s\u00a0\u00bb.<\/p>\n<p class=\"c7\"><strong>R\u00e9daction WEB<\/strong><\/p>\n<\/div>\n<p>Auteur:<br \/>\n<a href=\"https:\/\/www.liberte-algerie.com\/actualite\/le-cable-sous-marin-orval-alval-en-exploitation-depuis-le-31-decembre-2020-352307\">Cliquez ici pour lire l&rsquo;article depuis sa source.<\/a><\/p>\n","protected":false},"excerpt":{"rendered":"<p>Un c\u00e2ble sous-marin, reliant le r\u00e9seau de t\u00e9l\u00e9communications national au r\u00e9seau europ\u00e9en, au niveau de la ville de Valence\u00a0(Espagne) est \u00ab\u00a0effectif depuis le 31 d\u00e9cembre\u00a02020\u00a0\u00bb, a indiqu\u00e9, ce mardi, le ministre de la Poste et des T\u00e9l\u00e9communications, Brahim\u00a0Boumzar, \u00e0 l\u2019APS. Il a \u00e9galement expliqu\u00e9 que ce syst\u00e8me de flux entrant\u00a0et sortant par les deux stations [&hellip;]<\/p>\n","protected":false},"author":1742,"featured_media":0,"comment_status":"closed","ping_status":"closed","sticky":false,"template":"","format":"standard","meta":{"fifu_image_url":"","fifu_image_alt":"","footnotes":""},"categories":[73,53],"tags":[],"class_list":["post-109130","post","type-post","status-publish","format-standard","hentry","category-actualite","category-algerie"],"_links":{"self":[{"href":"https:\/\/linitiative.ca\/International\/wp-json\/wp\/v2\/posts\/109130","targetHints":{"allow":["GET"]}}],"collection":[{"href":"https:\/\/linitiative.ca\/International\/wp-json\/wp\/v2\/posts"}],"about":[{"href":"https:\/\/linitiative.ca\/International\/wp-json\/wp\/v2\/types\/post"}],"author":[{"embeddable":true,"href":"https:\/\/linitiative.ca\/International\/wp-json\/wp\/v2\/users\/1742"}],"replies":[{"embeddable":true,"href":"https:\/\/linitiative.ca\/International\/wp-json\/wp\/v2\/comments?post=109130"}],"version-history":[{"count":0,"href":"https:\/\/linitiative.ca\/International\/wp-json\/wp\/v2\/posts\/109130\/revisions"}],"wp:attachment":[{"href":"https:\/\/linitiative.ca\/International\/wp-json\/wp\/v2\/media?parent=109130"}],"wp:term":[{"taxonomy":"category","embeddable":true,"href":"https:\/\/linitiative.ca\/International\/wp-json\/wp\/v2\/categories?post=109130"},{"taxonomy":"post_tag","embeddable":true,"href":"https:\/\/linitiative.ca\/International\/wp-json\/wp\/v2\/tags?post=109130"}],"curies":[{"name":"wp","href":"https:\/\/api.w.org\/{rel}","templated":true}]}}