{"id":109133,"date":"2021-01-11T11:22:10","date_gmt":"2021-01-11T16:22:10","guid":{"rendered":"https:\/\/linitiative.ca\/International\/une-antenne-de-la-dfc-a-dakhla\/"},"modified":"2021-01-11T11:22:10","modified_gmt":"2021-01-11T16:22:10","slug":"une-antenne-de-la-dfc-a-dakhla","status":"publish","type":"post","link":"https:\/\/linitiative.ca\/International\/une-antenne-de-la-dfc-a-dakhla\/","title":{"rendered":"Une antenne de la DFC \u00e0 Dakhla"},"content":{"rendered":"<p class=\"rtejustify\">En attendant l\u2019inauguration officielle du Consulat des Etats Unis \u00e0 Dakhla, la Soci\u00e9t\u00e9 am\u00e9ricaine de financement du d\u00e9veloppement international (DFC) s\u2019appr\u00eate \u00e0 ouvrir une antenne dans la m\u00eame ville. L\u2019antenne servira de point de d\u00e9part de toutes ses op\u00e9rations vers le continent africain et vient confirmer la vocation de Dakhla en tant que point de liaison entre l&rsquo;Afrique du Nord et l&rsquo;Afrique subsaharienne et son r\u00f4le de p\u00f4le \u00e9conomique majeur.\u00a0<\/p>\n<p><em>T.E.G.<\/em><\/p>\n<p>Auteur: hlafriqi<br \/>\n<a href=\"https:\/\/www.leconomiste.com\/article\/1071838-une-antenne-de-la-dfc-dakhla\">Cliquez ici pour lire l&rsquo;article depuis sa source.<\/a><\/p>\n","protected":false},"excerpt":{"rendered":"<p>En attendant l\u2019inauguration officielle du Consulat des Etats Unis \u00e0 Dakhla, la Soci\u00e9t\u00e9 am\u00e9ricaine de financement du d\u00e9veloppement international (DFC) s\u2019appr\u00eate \u00e0 ouvrir une antenne dans la m\u00eame ville. L\u2019antenne servira de point de d\u00e9part de toutes ses op\u00e9rations vers le continent africain et vient confirmer la vocation de Dakhla en tant que point de [&hellip;]<\/p>\n","protected":false},"author":1763,"featured_media":0,"comment_status":"closed","ping_status":"closed","sticky":false,"template":"","format":"standard","meta":{"fifu_image_url":"","fifu_image_alt":"","footnotes":""},"categories":[78,54],"tags":[],"class_list":["post-109133","post","type-post","status-publish","format-standard","hentry","category-economie","category-maroc"],"_links":{"self":[{"href":"https:\/\/linitiative.ca\/International\/wp-json\/wp\/v2\/posts\/109133","targetHints":{"allow":["GET"]}}],"collection":[{"href":"https:\/\/linitiative.ca\/International\/wp-json\/wp\/v2\/posts"}],"about":[{"href":"https:\/\/linitiative.ca\/International\/wp-json\/wp\/v2\/types\/post"}],"author":[{"embeddable":true,"href":"https:\/\/linitiative.ca\/International\/wp-json\/wp\/v2\/users\/1763"}],"replies":[{"embeddable":true,"href":"https:\/\/linitiative.ca\/International\/wp-json\/wp\/v2\/comments?post=109133"}],"version-history":[{"count":0,"href":"https:\/\/linitiative.ca\/International\/wp-json\/wp\/v2\/posts\/109133\/revisions"}],"wp:attachment":[{"href":"https:\/\/linitiative.ca\/International\/wp-json\/wp\/v2\/media?parent=109133"}],"wp:term":[{"taxonomy":"category","embeddable":true,"href":"https:\/\/linitiative.ca\/International\/wp-json\/wp\/v2\/categories?post=109133"},{"taxonomy":"post_tag","embeddable":true,"href":"https:\/\/linitiative.ca\/International\/wp-json\/wp\/v2\/tags?post=109133"}],"curies":[{"name":"wp","href":"https:\/\/api.w.org\/{rel}","templated":true}]}}