{"id":109136,"date":"2021-01-11T11:25:50","date_gmt":"2021-01-11T16:25:50","guid":{"rendered":"https:\/\/linitiative.ca\/International\/grace-royale-au-profit-de-756-personnes\/"},"modified":"2021-01-11T11:25:50","modified_gmt":"2021-01-11T16:25:50","slug":"grace-royale-au-profit-de-756-personnes","status":"publish","type":"post","link":"https:\/\/linitiative.ca\/International\/grace-royale-au-profit-de-756-personnes\/","title":{"rendered":"Gr\u00e2ce royale au profit de 756 personnes"},"content":{"rendered":"<p class=\"rtejustify\">Le Souverain a accord\u00e9 la gr\u00e2ce \u00e0 756 personnes condamn\u00e9es par les diff\u00e9rents tribunaux du Royaume \u00e0 l\u2019occasion de la comm\u00e9moration de la pr\u00e9sentation du Manifeste de l\u2019Ind\u00e9pendance. Quelque 493 personnes ayant b\u00e9n\u00e9fici\u00e9 de cette gr\u00e2ce royale \u00e9taient en d\u00e9tention et ont obtenu une remise de la peine d\u2019emprisonnement ou de r\u00e9clusion. Parmi ces personnes, 475 ont b\u00e9n\u00e9fici\u00e9 d\u2019une remise de peine d\u2019emprisonnement, 17 ont obtenu une gr\u00e2ce sur le reliquat de la peine d\u2019emprisonnement et une personne qui a vu sa peine perp\u00e9tuelle commu\u00e9e en peine \u00e0 temps. Les b\u00e9n\u00e9ficiaires de la gr\u00e2ce royale qui sont en libert\u00e9 sont au nombre de 263 personnes<em>.<\/em><\/p>\n<p><em>T.E.G<\/em><\/p>\n<p>Auteur: hlafriqi<br \/>\n<a href=\"https:\/\/www.leconomiste.com\/article\/1071841-grace-royale-au-profit-de-756-personnes\">Cliquez ici pour lire l&rsquo;article depuis sa source.<\/a><\/p>\n","protected":false},"excerpt":{"rendered":"<p>Le Souverain a accord\u00e9 la gr\u00e2ce \u00e0 756 personnes condamn\u00e9es par les diff\u00e9rents tribunaux du Royaume \u00e0 l\u2019occasion de la comm\u00e9moration de la pr\u00e9sentation du Manifeste de l\u2019Ind\u00e9pendance. Quelque 493 personnes ayant b\u00e9n\u00e9fici\u00e9 de cette gr\u00e2ce royale \u00e9taient en d\u00e9tention et ont obtenu une remise de la peine d\u2019emprisonnement ou de r\u00e9clusion. Parmi ces personnes, [&hellip;]<\/p>\n","protected":false},"author":1763,"featured_media":0,"comment_status":"closed","ping_status":"closed","sticky":false,"template":"","format":"standard","meta":{"fifu_image_url":"","fifu_image_alt":"","footnotes":""},"categories":[78,54],"tags":[],"class_list":["post-109136","post","type-post","status-publish","format-standard","hentry","category-economie","category-maroc"],"_links":{"self":[{"href":"https:\/\/linitiative.ca\/International\/wp-json\/wp\/v2\/posts\/109136","targetHints":{"allow":["GET"]}}],"collection":[{"href":"https:\/\/linitiative.ca\/International\/wp-json\/wp\/v2\/posts"}],"about":[{"href":"https:\/\/linitiative.ca\/International\/wp-json\/wp\/v2\/types\/post"}],"author":[{"embeddable":true,"href":"https:\/\/linitiative.ca\/International\/wp-json\/wp\/v2\/users\/1763"}],"replies":[{"embeddable":true,"href":"https:\/\/linitiative.ca\/International\/wp-json\/wp\/v2\/comments?post=109136"}],"version-history":[{"count":0,"href":"https:\/\/linitiative.ca\/International\/wp-json\/wp\/v2\/posts\/109136\/revisions"}],"wp:attachment":[{"href":"https:\/\/linitiative.ca\/International\/wp-json\/wp\/v2\/media?parent=109136"}],"wp:term":[{"taxonomy":"category","embeddable":true,"href":"https:\/\/linitiative.ca\/International\/wp-json\/wp\/v2\/categories?post=109136"},{"taxonomy":"post_tag","embeddable":true,"href":"https:\/\/linitiative.ca\/International\/wp-json\/wp\/v2\/tags?post=109136"}],"curies":[{"name":"wp","href":"https:\/\/api.w.org\/{rel}","templated":true}]}}