{"id":109138,"date":"2021-01-12T15:14:09","date_gmt":"2021-01-12T20:14:09","guid":{"rendered":"https:\/\/linitiative.ca\/International\/equipe-dalgerie-entre-lalgerie-et-la-france-maxime-lopez-aurait-fait-son-choix\/"},"modified":"2021-01-12T15:14:09","modified_gmt":"2021-01-12T20:14:09","slug":"equipe-dalgerie-entre-lalgerie-et-la-france-maxime-lopez-aurait-fait-son-choix","status":"publish","type":"post","link":"https:\/\/linitiative.ca\/International\/equipe-dalgerie-entre-lalgerie-et-la-france-maxime-lopez-aurait-fait-son-choix\/","title":{"rendered":"Equipe d&rsquo;Alg\u00e9rie : Entre l\u2019Alg\u00e9rie et la France, Maxime Lopez aurait fait son choix"},"content":{"rendered":"<div readability=\"32\">\n<p>Auteur : <span>Riad O.<\/span> <span class=\"time\">mardi 12 janvier 2021 16:51<\/span><\/p>\n<\/div>\n<div id=\"post_core\" readability=\"45\">\n<p>Selon le correspondant de beIN Sports en Espagne, Djamel Djabali, Maxime Lopez aurait d\u00e9cid\u00e9 de porter le maillot de l\u2019EN. \u00a0En effet, l\u2019\u00e9gyptien Ali Mohamed Ali, qui a comment\u00e9 le match entre la Juventus et Sassuolo en S\u00e9rie A, a d\u00e9clar\u00e9, au moment o\u00f9 Maxime Lopez s\u2019appr\u00eatait \u00e0 faire son entr\u00e9e sur le terrain, avoir re\u00e7u un message de son confr\u00e8re, \u00a0Djamel Djabali dans lequel il lui confirmait que le choix du joueur de porter le maillot de l\u2019Alg\u00e9rie a d\u00e9j\u00e0 \u00e9t\u00e9 fait. Affaire \u00e0 suivre.<\/p>\n<p><u><strong>Riad O.<\/strong><\/u><\/p>\n<p><strong>Publi\u00e9 dans :<\/strong> <span>Maxime Lopez<\/span><\/p>\n<\/div>\n<p>Auteur:<br \/>\n<a href=\"http:\/\/www.lebuteur.com\/article\/detail?titre=entre-lalgerie-et-la-france-maxime-lopez-aurait-fait-son-choix&#038;id=98685&#038;utm_source=feedburner&#038;utm_medium=feed&#038;utm_campaign=Feed%3A+GalerieFArtciles+%28Les+derniers+articles++-+lebuteur.com%29\">Cliquez ici pour lire l&rsquo;article depuis sa source.<\/a><\/p>\n","protected":false},"excerpt":{"rendered":"<p>Auteur : Riad O. mardi 12 janvier 2021 16:51 Selon le correspondant de beIN Sports en Espagne, Djamel Djabali, Maxime Lopez aurait d\u00e9cid\u00e9 de porter le maillot de l\u2019EN. \u00a0En effet, l\u2019\u00e9gyptien Ali Mohamed Ali, qui a comment\u00e9 le match entre la Juventus et Sassuolo en S\u00e9rie A, a d\u00e9clar\u00e9, au moment o\u00f9 Maxime Lopez [&hellip;]<\/p>\n","protected":false},"author":1738,"featured_media":0,"comment_status":"closed","ping_status":"closed","sticky":false,"template":"","format":"standard","meta":{"fifu_image_url":"\/\/cdn.lebuteur.com\/data\/images\/article\/thumbs\/large-entre-lalgerie-et-la-france-maxime-lopez-aurait-fait-son-choix-f5d32.jpg","fifu_image_alt":"Equipe d'Alg\u00e9rie : Entre l\u2019Alg\u00e9rie et la France, Maxime Lopez aurait fait son choix","footnotes":""},"categories":[53,75],"tags":[],"class_list":["post-109138","post","type-post","status-publish","format-standard","hentry","category-algerie","category-sport"],"_links":{"self":[{"href":"https:\/\/linitiative.ca\/International\/wp-json\/wp\/v2\/posts\/109138","targetHints":{"allow":["GET"]}}],"collection":[{"href":"https:\/\/linitiative.ca\/International\/wp-json\/wp\/v2\/posts"}],"about":[{"href":"https:\/\/linitiative.ca\/International\/wp-json\/wp\/v2\/types\/post"}],"author":[{"embeddable":true,"href":"https:\/\/linitiative.ca\/International\/wp-json\/wp\/v2\/users\/1738"}],"replies":[{"embeddable":true,"href":"https:\/\/linitiative.ca\/International\/wp-json\/wp\/v2\/comments?post=109138"}],"version-history":[{"count":0,"href":"https:\/\/linitiative.ca\/International\/wp-json\/wp\/v2\/posts\/109138\/revisions"}],"wp:attachment":[{"href":"https:\/\/linitiative.ca\/International\/wp-json\/wp\/v2\/media?parent=109138"}],"wp:term":[{"taxonomy":"category","embeddable":true,"href":"https:\/\/linitiative.ca\/International\/wp-json\/wp\/v2\/categories?post=109138"},{"taxonomy":"post_tag","embeddable":true,"href":"https:\/\/linitiative.ca\/International\/wp-json\/wp\/v2\/tags?post=109138"}],"curies":[{"name":"wp","href":"https:\/\/api.w.org\/{rel}","templated":true}]}}