{"id":109140,"date":"2021-01-12T15:14:13","date_gmt":"2021-01-12T20:14:13","guid":{"rendered":"https:\/\/linitiative.ca\/International\/pros-belaili-voit-rouge-face-a-al-rayyan\/"},"modified":"2021-01-12T15:14:13","modified_gmt":"2021-01-12T20:14:13","slug":"pros-belaili-voit-rouge-face-a-al-rayyan","status":"publish","type":"post","link":"https:\/\/linitiative.ca\/International\/pros-belaili-voit-rouge-face-a-al-rayyan\/","title":{"rendered":"Pros : Belaili voit rouge face \u00e0 Al Rayyan"},"content":{"rendered":"<div readability=\"32\">\n<p>Auteur : <span>Riad O.<\/span> <span class=\"time\">mardi 12 janvier 2021 18:04<\/span><\/p>\n<\/div>\n<div id=\"post_core\" readability=\"37\">\n<p>Le joueur milieu de terrain Alg\u00e9rien du Qatar SC, Youcef Belaili a \u00e9t\u00e9 expuls\u00e9 aujourd\u2019hui lors du match de son \u00e9quipe face \u00e0 Al Rayyan. Auteur d\u2019un joli but face aux co\u00e9quipiers de Brahimi, l\u2019enfant d\u2019Oran a \u00e9cop\u00e9 de son second avertissement \u00e0 l\u2019issu du match en raison de ses contestations envers l\u2019arbitre du match.<\/p>\n<p><strong>Publi\u00e9 dans :<\/strong> <span>Bela\u00efli<\/span><\/p>\n<\/div>\n<p>Auteur:<br \/>\n<a href=\"http:\/\/www.lebuteur.com\/article\/detail?titre=belaili-voit-rouge-face-a-al-rayyan&#038;id=98687&#038;utm_source=feedburner&#038;utm_medium=feed&#038;utm_campaign=Feed%3A+GalerieFArtciles+%28Les+derniers+articles++-+lebuteur.com%29\">Cliquez ici pour lire l&rsquo;article depuis sa source.<\/a><\/p>\n","protected":false},"excerpt":{"rendered":"<p>Auteur : Riad O. mardi 12 janvier 2021 18:04 Le joueur milieu de terrain Alg\u00e9rien du Qatar SC, Youcef Belaili a \u00e9t\u00e9 expuls\u00e9 aujourd\u2019hui lors du match de son \u00e9quipe face \u00e0 Al Rayyan. Auteur d\u2019un joli but face aux co\u00e9quipiers de Brahimi, l\u2019enfant d\u2019Oran a \u00e9cop\u00e9 de son second avertissement \u00e0 l\u2019issu du match [&hellip;]<\/p>\n","protected":false},"author":1738,"featured_media":0,"comment_status":"closed","ping_status":"closed","sticky":false,"template":"","format":"standard","meta":{"fifu_image_url":"\/\/cdn.lebuteur.com\/data\/images\/article\/thumbs\/large-belaili-voit-rouge-face-a-al-rayyan-5aaaa.jpg","fifu_image_alt":"Pros : Belaili voit rouge face \u00e0 Al Rayyan","footnotes":""},"categories":[53,75],"tags":[],"class_list":["post-109140","post","type-post","status-publish","format-standard","hentry","category-algerie","category-sport"],"_links":{"self":[{"href":"https:\/\/linitiative.ca\/International\/wp-json\/wp\/v2\/posts\/109140","targetHints":{"allow":["GET"]}}],"collection":[{"href":"https:\/\/linitiative.ca\/International\/wp-json\/wp\/v2\/posts"}],"about":[{"href":"https:\/\/linitiative.ca\/International\/wp-json\/wp\/v2\/types\/post"}],"author":[{"embeddable":true,"href":"https:\/\/linitiative.ca\/International\/wp-json\/wp\/v2\/users\/1738"}],"replies":[{"embeddable":true,"href":"https:\/\/linitiative.ca\/International\/wp-json\/wp\/v2\/comments?post=109140"}],"version-history":[{"count":0,"href":"https:\/\/linitiative.ca\/International\/wp-json\/wp\/v2\/posts\/109140\/revisions"}],"wp:attachment":[{"href":"https:\/\/linitiative.ca\/International\/wp-json\/wp\/v2\/media?parent=109140"}],"wp:term":[{"taxonomy":"category","embeddable":true,"href":"https:\/\/linitiative.ca\/International\/wp-json\/wp\/v2\/categories?post=109140"},{"taxonomy":"post_tag","embeddable":true,"href":"https:\/\/linitiative.ca\/International\/wp-json\/wp\/v2\/tags?post=109140"}],"curies":[{"name":"wp","href":"https:\/\/api.w.org\/{rel}","templated":true}]}}