{"id":109141,"date":"2021-01-12T15:14:15","date_gmt":"2021-01-12T20:14:15","guid":{"rendered":"https:\/\/linitiative.ca\/International\/pros-ol-obraniak-valide-le-recrutement-de-slimani\/"},"modified":"2021-01-12T15:14:15","modified_gmt":"2021-01-12T20:14:15","slug":"pros-ol-obraniak-valide-le-recrutement-de-slimani","status":"publish","type":"post","link":"https:\/\/linitiative.ca\/International\/pros-ol-obraniak-valide-le-recrutement-de-slimani\/","title":{"rendered":"Pros : OL: Obraniak valide le recrutement de Slimani"},"content":{"rendered":"<div readability=\"32\">\n<p>Auteur : <span class=\"time\">mardi 12 janvier 2021 19:13<\/span><\/p>\n<\/div>\n<div id=\"post_core\" readability=\"44\">\n<p>Ludovic Obraniak consid\u00e8re que l&rsquo;OL fait le bon choix en misant sur Islam Slimani (32 ans) pour remplacer Moussa Demb\u00e9l\u00e9 (24 ans). Au micro de la cha\u00eene de L&rsquo;\u00c9quipe, l&rsquo;ancien joueur de Lille a estim\u00e9 que les Lyonnais faisaient le bon choix avec l&rsquo;international alg\u00e9rien : \u00ab\u00a0Slimani \u00e0 la place de Demb\u00e9l\u00e9, les Lyonnais seraient gagnants ? Oui ! Ce sont deux bons joueurs quand ils sont en pleine possession de leurs capacit\u00e9s. Mais je pr\u00e9f\u00e8re que Lyon r\u00e9cup\u00e8re un joueur revanchard et avec des qualit\u00e9s comme Slimani, plut\u00f4t qu&rsquo;un joueur d\u00e9motiv\u00e9 comme Demb\u00e9l\u00e9 qui veut partir. C&rsquo;est une question d&rsquo;\u00e9tat d&rsquo;esprit. Slimani, il a les dents qui rayent le parquet. J&rsquo;aime ce genre de joueurs. Il a du coeur, de la rage, de l&rsquo;envie. Un peu \u00e0 l&rsquo;image de Burak Yilmaz \u00e0 Lille. Slimani sur le banc ? Il y aura peut-\u00eatre un changement de syst\u00e8me\u00a0\u00bb, a-t-il d\u00e9clar\u00e9. Cette saison, Slimani n&rsquo;a disput\u00e9 que 2 matchs de Premier League. Il s&rsquo;\u00e9tait en revanche r\u00e9v\u00e9l\u00e9 efficace lors de son pr\u00eat \u00e0 Monaco, pendant le dernier exercice (9 buts et 8 passes d\u00e9cisives en 18 apparitions en Ligue 1). Sa venue \u00e0 l&rsquo;OL n&rsquo;a pour l&rsquo;instant pas \u00e9t\u00e9 officialis\u00e9e rapporte Topmercato.com.<\/p>\n<p><strong>Publi\u00e9 dans :<\/strong> <span>slimani<\/span><\/p>\n<\/div>\n<p>Auteur:<br \/>\n<a href=\"http:\/\/www.lebuteur.com\/article\/detail?titre=ol-obraniak-valide-le-recrutement-de-slimani&#038;id=98688&#038;utm_source=feedburner&#038;utm_medium=feed&#038;utm_campaign=Feed%3A+GalerieFArtciles+%28Les+derniers+articles++-+lebuteur.com%29\">Cliquez ici pour lire l&rsquo;article depuis sa source.<\/a><\/p>\n","protected":false},"excerpt":{"rendered":"<p>Auteur : mardi 12 janvier 2021 19:13 Ludovic Obraniak consid\u00e8re que l&rsquo;OL fait le bon choix en misant sur Islam Slimani (32 ans) pour remplacer Moussa Demb\u00e9l\u00e9 (24 ans). Au micro de la cha\u00eene de L&rsquo;\u00c9quipe, l&rsquo;ancien joueur de Lille a estim\u00e9 que les Lyonnais faisaient le bon choix avec l&rsquo;international alg\u00e9rien : \u00ab\u00a0Slimani \u00e0 [&hellip;]<\/p>\n","protected":false},"author":1738,"featured_media":0,"comment_status":"closed","ping_status":"closed","sticky":false,"template":"","format":"standard","meta":{"fifu_image_url":"\/\/cdn.lebuteur.com\/data\/images\/article\/thumbs\/large-ol-obraniak-valide-le-recrutement-de-slimani-d9606.jpg","fifu_image_alt":"Pros : OL: Obraniak valide le recrutement de Slimani","footnotes":""},"categories":[53,75],"tags":[],"class_list":["post-109141","post","type-post","status-publish","format-standard","hentry","category-algerie","category-sport"],"_links":{"self":[{"href":"https:\/\/linitiative.ca\/International\/wp-json\/wp\/v2\/posts\/109141","targetHints":{"allow":["GET"]}}],"collection":[{"href":"https:\/\/linitiative.ca\/International\/wp-json\/wp\/v2\/posts"}],"about":[{"href":"https:\/\/linitiative.ca\/International\/wp-json\/wp\/v2\/types\/post"}],"author":[{"embeddable":true,"href":"https:\/\/linitiative.ca\/International\/wp-json\/wp\/v2\/users\/1738"}],"replies":[{"embeddable":true,"href":"https:\/\/linitiative.ca\/International\/wp-json\/wp\/v2\/comments?post=109141"}],"version-history":[{"count":0,"href":"https:\/\/linitiative.ca\/International\/wp-json\/wp\/v2\/posts\/109141\/revisions"}],"wp:attachment":[{"href":"https:\/\/linitiative.ca\/International\/wp-json\/wp\/v2\/media?parent=109141"}],"wp:term":[{"taxonomy":"category","embeddable":true,"href":"https:\/\/linitiative.ca\/International\/wp-json\/wp\/v2\/categories?post=109141"},{"taxonomy":"post_tag","embeddable":true,"href":"https:\/\/linitiative.ca\/International\/wp-json\/wp\/v2\/tags?post=109141"}],"curies":[{"name":"wp","href":"https:\/\/api.w.org\/{rel}","templated":true}]}}