{"id":109142,"date":"2021-01-12T15:14:16","date_gmt":"2021-01-12T20:14:16","guid":{"rendered":"https:\/\/linitiative.ca\/International\/pros-le-milan-ac-ne-veut-prendre-aucun-risque-avec-bennacer\/"},"modified":"2021-01-12T15:14:16","modified_gmt":"2021-01-12T20:14:16","slug":"pros-le-milan-ac-ne-veut-prendre-aucun-risque-avec-bennacer","status":"publish","type":"post","link":"https:\/\/linitiative.ca\/International\/pros-le-milan-ac-ne-veut-prendre-aucun-risque-avec-bennacer\/","title":{"rendered":"Pros : Le Milan AC ne veut prendre aucun risque avec Bennacer"},"content":{"rendered":"<div readability=\"32\">\n<p>Auteur : <span class=\"time\">mardi 12 janvier 2021 20:43<\/span><\/p>\n<\/div>\n<div id=\"post_core\" readability=\"50\">\n<p>En effet, apr\u00e8s avoir r\u00e9cup\u00e9r\u00e9 Zlatan Ibrahimovic qui devrait avoir plus de temps de jeu contre le Torino en Coupe d&rsquo;Italie avant de probablement \u00eatre titulaire contre Cagliari ce weekend, le Milan AC est sur le point de retrouver deux nouveaux joueurs sur le point de quitter l&rsquo;infirmerie.<\/p>\n<p>Le premier \u00e0 revenir sera Alexis Saelemaekers, absent depuis la fin de l&rsquo;ann\u00e9e en raison d&rsquo;une blessure au muscle droit f\u00e9moral de la cuisse gauche. L&rsquo;ex-Belge d&rsquo;Anderlecht devrait revenir dans le groupe dans les prochains jours et accompagner l&rsquo;\u00e9quipe pour le d\u00e9placement en Sardaigne.\u00a0<\/p>\n<p>Il faudra probablement encore quelques jours \u00e0 Isma\u00ebl Bennacer, absent depuis la mi-d\u00e9cembre et le match face \u00e0 Parme, pour se r\u00e9tablir de sa blessure aux ischio-jambiers. Cette fois, Milan ne veut pas pr\u00e9cipiter les choses pour le champion d&rsquo;Afrique et aucun risque ne sera pris. Si l&rsquo;international alg\u00e9rien n&rsquo;est pas pr\u00eat pour le match face \u00e0 Cagliari, il reviendra dans l&rsquo;\u00e9quipe contre l&rsquo;Atalanta le samedi 23 janvier.<\/p>\n<p><strong>Publi\u00e9 dans :<\/strong> <span>BENNACER<\/span><\/p>\n<\/div>\n<p>Auteur:<br \/>\n<a href=\"http:\/\/www.lebuteur.com\/article\/detail?titre=le-milan-ac-ne-veut-prendre-aucun-risque-avec-bennacer&#038;id=98689&#038;utm_source=feedburner&#038;utm_medium=feed&#038;utm_campaign=Feed%3A+GalerieFArtciles+%28Les+derniers+articles++-+lebuteur.com%29\">Cliquez ici pour lire l&rsquo;article depuis sa source.<\/a><\/p>\n","protected":false},"excerpt":{"rendered":"<p>Auteur : mardi 12 janvier 2021 20:43 En effet, apr\u00e8s avoir r\u00e9cup\u00e9r\u00e9 Zlatan Ibrahimovic qui devrait avoir plus de temps de jeu contre le Torino en Coupe d&rsquo;Italie avant de probablement \u00eatre titulaire contre Cagliari ce weekend, le Milan AC est sur le point de retrouver deux nouveaux joueurs sur le point de quitter l&rsquo;infirmerie. [&hellip;]<\/p>\n","protected":false},"author":1738,"featured_media":0,"comment_status":"closed","ping_status":"closed","sticky":false,"template":"","format":"standard","meta":{"fifu_image_url":"\/\/cdn.lebuteur.com\/data\/images\/article\/thumbs\/large-le-milan-ac-ne-veut-pas-prendre-de-risques-pour-bennacer-e6ecf.jpg","fifu_image_alt":"Pros : Le Milan AC ne veut prendre aucun risque avec Bennacer","footnotes":""},"categories":[53,75],"tags":[],"class_list":["post-109142","post","type-post","status-publish","format-standard","hentry","category-algerie","category-sport"],"_links":{"self":[{"href":"https:\/\/linitiative.ca\/International\/wp-json\/wp\/v2\/posts\/109142","targetHints":{"allow":["GET"]}}],"collection":[{"href":"https:\/\/linitiative.ca\/International\/wp-json\/wp\/v2\/posts"}],"about":[{"href":"https:\/\/linitiative.ca\/International\/wp-json\/wp\/v2\/types\/post"}],"author":[{"embeddable":true,"href":"https:\/\/linitiative.ca\/International\/wp-json\/wp\/v2\/users\/1738"}],"replies":[{"embeddable":true,"href":"https:\/\/linitiative.ca\/International\/wp-json\/wp\/v2\/comments?post=109142"}],"version-history":[{"count":0,"href":"https:\/\/linitiative.ca\/International\/wp-json\/wp\/v2\/posts\/109142\/revisions"}],"wp:attachment":[{"href":"https:\/\/linitiative.ca\/International\/wp-json\/wp\/v2\/media?parent=109142"}],"wp:term":[{"taxonomy":"category","embeddable":true,"href":"https:\/\/linitiative.ca\/International\/wp-json\/wp\/v2\/categories?post=109142"},{"taxonomy":"post_tag","embeddable":true,"href":"https:\/\/linitiative.ca\/International\/wp-json\/wp\/v2\/tags?post=109142"}],"curies":[{"name":"wp","href":"https:\/\/api.w.org\/{rel}","templated":true}]}}