{"id":109144,"date":"2021-01-12T10:51:00","date_gmt":"2021-01-12T15:51:00","guid":{"rendered":"https:\/\/linitiative.ca\/International\/diplomatie-cinq-nouveaux-directeurs-generaux-et-ghazi-grairi-en-plus-de-lunesco-a-paris-cumulera-la-francophonie\/"},"modified":"2021-01-12T10:51:00","modified_gmt":"2021-01-12T15:51:00","slug":"diplomatie-cinq-nouveaux-directeurs-generaux-et-ghazi-grairi-en-plus-de-lunesco-a-paris-cumulera-la-francophonie","status":"publish","type":"post","link":"https:\/\/linitiative.ca\/International\/diplomatie-cinq-nouveaux-directeurs-generaux-et-ghazi-grairi-en-plus-de-lunesco-a-paris-cumulera-la-francophonie\/","title":{"rendered":"Diplomatie : Cinq nouveaux directeurs g\u00e9n\u00e9raux et Ghazi Gra\u00efri, en plus de l\u2019Unesco \u00e0 Paris, cumulera la Francophonie"},"content":{"rendered":"<p>Les directions g\u00e9n\u00e9rales Afrique, Monde arabe et islamique, Europe, affaires consulaires et diplomatie \u00e9conomiques sont finalement pourvues au minist\u00e8re des Affaires \u00e9trang\u00e8res. En poste \u00e0 Paris, Ghazi Ghra\u00efri, jusque-l\u00e0 ambassadeur d\u00e9l\u00e9gu\u00e9 permanent aupr\u00e8s de l\u2019Unesco voit son p\u00e9rim\u00e8tre s\u2019\u00e9largir \u00e0 l\u2019Organisation Internationale de la Francophonie. \u00ab\u00a0Une nomination qui prend son sens \u00e0 14 mois de la tenue en mars 2022 \u00e0 Djerba du 18<sup>\u00e8me<\/sup> sommet de la Francophonie. Au-del\u00e0 des personnes, il s\u2019ag\u00eet de cr\u00e9er un p\u00f4le multilat\u00e9ral tunisien \u00e0 Paris\u00a0\u00bb, souligne une source diplomatique.<\/p>\n<p>Quant aux cinq autres nouvelles d\u00e9signations, elles se pr\u00e9sentent comme suit:<\/p>\n<p class=\"c3\"><span class=\"c2\"><strong>\u2022 Samia Elhem Ammar,<\/strong><\/span> ministre pl\u00e9nipotentiaire hors classe, est charg\u00e9e des fonctions de directeur g\u00e9n\u00e9ral de la diplomatie \u00e9conomique, culturelle et de la planification strat\u00e9gique<\/p>\n<p class=\"c3\"><span class=\"c2\"><strong><span class=\"c2\"><strong>\u2022<\/strong><\/span> Jalel Snoussi,<\/strong><\/span> ministre pl\u00e9nipotentiaire hors classe, est charg\u00e9 des fonctions de directeur g\u00e9n\u00e9ral pour l\u2019Afrique et les organisations r\u00e9gionales africaines<\/p>\n<p class=\"c3\"><span class=\"c2\"><strong><span class=\"c2\"><strong>\u2022<\/strong><\/span> Naceur Essid,<\/strong><\/span> conseiller des services publics, est charg\u00e9 des fonctions de directeur g\u00e9n\u00e9ral des affaires consulaires <span class=\"c2\"><strong><br \/><\/strong><\/span><\/p>\n<p class=\"c3\"><span class=\"c2\"><strong><span class=\"c2\"><strong>\u2022<\/strong><\/span> Ahmed Ben Sghaier,<\/strong><\/span> ministre pl\u00e9nipotentiaire, est charg\u00e9 des fonctions de directeur g\u00e9n\u00e9ral du monde arabe et des organisations arabes et islamiques<\/p>\n<p class=\"c3\"><span class=\"c2\"><strong><span class=\"c2\"><strong>\u2022<\/strong><\/span> Khalil Tazarki,<\/strong><\/span> conseiller des services publics, est charg\u00e9 des fonctions de directeur g\u00e9n\u00e9ral pour l\u2019Europe, l\u2019union europ\u00e9enne et la m\u00e9diterran\u00e9e.<br \/>\u00a0<\/p>\n<p>Auteur:<br \/>\n<a href=\"https:\/\/www.leaders.com.tn\/article\/31242-diplomatie-cinq-nouveaux-directeur-generaux-et-ghazi-grairi-en-plus-de-l-unesco-a-paris-cumulera-la-francophonie\">Cliquez ici pour lire l&rsquo;article depuis sa source.<\/a><\/p>\n","protected":false},"excerpt":{"rendered":"<p>Les directions g\u00e9n\u00e9rales Afrique, Monde arabe et islamique, Europe, affaires consulaires et diplomatie \u00e9conomiques sont finalement pourvues au minist\u00e8re des Affaires \u00e9trang\u00e8res. En poste \u00e0 Paris, Ghazi Ghra\u00efri, jusque-l\u00e0 ambassadeur d\u00e9l\u00e9gu\u00e9 permanent aupr\u00e8s de l\u2019Unesco voit son p\u00e9rim\u00e8tre s\u2019\u00e9largir \u00e0 l\u2019Organisation Internationale de la Francophonie. \u00ab\u00a0Une nomination qui prend son sens \u00e0 14 mois de [&hellip;]<\/p>\n","protected":false},"author":1772,"featured_media":0,"comment_status":"closed","ping_status":"closed","sticky":false,"template":"","format":"standard","meta":{"fifu_image_url":"","fifu_image_alt":"","footnotes":""},"categories":[73,55],"tags":[],"class_list":["post-109144","post","type-post","status-publish","format-standard","hentry","category-actualite","category-tunisie"],"_links":{"self":[{"href":"https:\/\/linitiative.ca\/International\/wp-json\/wp\/v2\/posts\/109144","targetHints":{"allow":["GET"]}}],"collection":[{"href":"https:\/\/linitiative.ca\/International\/wp-json\/wp\/v2\/posts"}],"about":[{"href":"https:\/\/linitiative.ca\/International\/wp-json\/wp\/v2\/types\/post"}],"author":[{"embeddable":true,"href":"https:\/\/linitiative.ca\/International\/wp-json\/wp\/v2\/users\/1772"}],"replies":[{"embeddable":true,"href":"https:\/\/linitiative.ca\/International\/wp-json\/wp\/v2\/comments?post=109144"}],"version-history":[{"count":0,"href":"https:\/\/linitiative.ca\/International\/wp-json\/wp\/v2\/posts\/109144\/revisions"}],"wp:attachment":[{"href":"https:\/\/linitiative.ca\/International\/wp-json\/wp\/v2\/media?parent=109144"}],"wp:term":[{"taxonomy":"category","embeddable":true,"href":"https:\/\/linitiative.ca\/International\/wp-json\/wp\/v2\/categories?post=109144"},{"taxonomy":"post_tag","embeddable":true,"href":"https:\/\/linitiative.ca\/International\/wp-json\/wp\/v2\/tags?post=109144"}],"curies":[{"name":"wp","href":"https:\/\/api.w.org\/{rel}","templated":true}]}}