{"id":109145,"date":"2021-01-12T12:37:00","date_gmt":"2021-01-12T17:37:00","guid":{"rendered":"https:\/\/linitiative.ca\/International\/tunisie-libye-le-reve-de-laccord-de-djerba\/"},"modified":"2021-01-12T12:37:00","modified_gmt":"2021-01-12T17:37:00","slug":"tunisie-libye-le-reve-de-laccord-de-djerba","status":"publish","type":"post","link":"https:\/\/linitiative.ca\/International\/tunisie-libye-le-reve-de-laccord-de-djerba\/","title":{"rendered":"Tunisie &#8211; Libye: Le r\u00eave de l\u2019accord de Djerba"},"content":{"rendered":"<p class=\"c3\"><span class=\"c2\"><em><strong><img decoding=\"async\" src=\"\/uploads\/FCK_files\/Salah-Ferchiou-moy.jpg\" alt=\"\" width=\"20%\" vspace=\"5\" hspace=\"5\" align=\"right\"\/>Par Slah Ferchiou &#8211;<\/strong><\/em><\/span> <strong>Le hasard voudra que Slah Ferchiou, proche de Bourguiba, assureur de profession avant de fonder un groupe alimentaire de r\u00e9f\u00e9rence dans les viandes, se retrouve, il y a dix ans, d\u00e9but janvier 2011 \u00e0 Djerba, en vacances \u00e0 l\u2019h\u00f4tel Ulysse Palace. Le lieu est charg\u00e9 d\u2019histoire. N\u2019a-t-il pas v\u00e9cu la rencontre historique entre Bourguiba et Kadhafi, le 12 janvier 1974, et la signature de l\u2019accord d\u2019union entre la Tunisie et la Libye. A la radio, Mohamed Masmoudi, alors ministre des Affaires \u00e9trang\u00e8res et artisan de cet accord, annon\u00e7ait la naissance de la R\u00e9publique arabe musulmane (RAM). <em>\u00abNous allons y ramer\u00bb<\/em>, commentera-t-il avec son sens de la formule. Quand des journalistes fran\u00e7ais traduiront la nouvelle appellation en R\u00e9publique arabe islamique (RAI), il acquiescera en r\u00e9pondant :<\/strong> <em><strong>\u00ab\u00c7a sera sur mis sur les rails.\u00bb<\/strong><\/em><\/p>\n<p class=\"c3\"><strong>Slah Ferchiou avait pour illustre a\u00efeul cheikh Abdeslam Ferchiou, un homme pieux, imam et notable respect\u00e9 de Monastir et du Sahel, qui avait accueilli, lors de l\u2019invasion italienne de la Libye, au d\u00e9but du si\u00e8cle dernier, le roi du Fezzan et les siens. Patriote, g\u00e9n\u00e9reux, aux nobles valeurs, il avait offert son hospitalit\u00e9 aux illustres voisins et fr\u00e8res r\u00e9fugi\u00e9s. Depuis lors, leurs relations ne se sont pas interrompues, se transmettant entre les g\u00e9n\u00e9rations montantes.<\/strong><\/p>\n<p class=\"c3\"><strong>Slah Ferchiou a gard\u00e9 un vif souvenir de cette relation et un grand int\u00e9r\u00eat pour la Tunisie-Libye. Consignant son \u00e9motion et ses r\u00e9flexions \u00e0 l\u2019h\u00f4tel, il avait \u00e9crit le texte suivant, les 9 et 10 janvier 2011. Dix ans apr\u00e8s, il le retrouve dans ses archives et le compl\u00e8te. Rapportant des propos qu\u2019il tient de Bourguiba, il r\u00e9v\u00e8le une autre pr\u00e9monition du \u2018\u2019Combattant Supr\u00eame\u2019\u2019:<\/strong> <em><strong>\u00abC\u2019est dommage, cette union n\u2019a pas \u00e9t\u00e9 comprise, refus\u00e9e par certains militants&#8230;Kadhafi n\u2019est pas \u00e9ternel et il va dispara\u00eetre un jour ou l\u2019autre\u2026 Mais nos peuples seront toujours dans cette partie de l\u2019Afrique du Nord\u2026\u00bb<\/strong><\/em><\/p>\n<p>Je viens de passer quelques jours \u00e0 Djerba, et un d\u00e9sir pressant m\u2019amena \u00e0 loger \u00e0 l\u2019h\u00f4tel Ulysse Palace qui repr\u00e9sente pour moi et pour les hommes de ma g\u00e9n\u00e9ration un lieu \u00abmystique\u00bb. Depuis l\u2019antiquit\u00e9 et la l\u00e9gende du \u00abjus d\u2019alo\u00e8s\u00bb, breuvage qui amena Ulysse \u00e0 s\u00e9journer durant plusieurs ann\u00e9es sur cette \u00eele.<\/p>\n<p>L\u2019\u00eele regarde avec dignit\u00e9 le continent africain auquel elle est reli\u00e9e par une voie b\u00e2tie par les hommes que les historiens attribuent aux Romains appel\u00e9e \u2018\u2019chauss\u00e9e romaine\u2019\u2019. Je dirais \u00abchauss\u00e9e djerbienne\u00bb. Elle abrite &#8211; faut-il le rappeler &#8211; une des plus anciennes synagogues de l\u2019histoire de l\u2019humanit\u00e9 : \u00abla Ghriba\u00bb. Un jardin haut en histoire, culture, l\u00e9gendes et r\u00eaves.<\/p>\n<p>Mais l\u2019histoire s\u2019encha\u00eene-t-elle \u00e0 des rendez-vous qui \u00e9chappent sur l\u2019heure mais qui remontent plus tard avec un impact profond &#8211; et je veux aujourd\u2019hui rappeler aux concitoyens de mon \u00e2ge (plus de 75 ans), aux jeunes Tunisiens, \u00e0 mes enfants et \u00e0 leurs enfants&#8230; la date du 12 janvier 1974. Elle marque la rencontre historique entre deux hommes hors du commun, le p\u00e8re de la nation tunisienne, le \u2018\u2019Combattant Supr\u00eame\u2019\u2019 Habib Bourguiba, l\u2019homme qui a consacr\u00e9 sa vie \u00e0 l\u2019instauration de la libert\u00e9 et de la dignit\u00e9 pour son peuple, et le leader de la r\u00e9volution libyenne Mouammar Kadhafi. \u00abEl Ka\u00efed\u00bb est un combattant acharn\u00e9 depuis 40 ans du colonialisme et de l\u2019injustice, partout o\u00f9 l\u2019appelait sa conviction en Afrique, dans le monde arabe et m\u00eame en Irlande, aux Am\u00e9riques.<\/p>\n<p>A l\u2019h\u00f4tel Ulysse, durant trois jours, en ce d\u00e9but de janvier 2011, je m\u2019installais sur la v\u00e9randa au bord de la mer, et mon regard ne se d\u00e9tourna pas de la direction Sud-Est, au loin, je d\u00e9voilais la c\u00f4te libyenne, \u00e0 partir de Zarzis, Zouara, Ras Jedir&#8230;Des questions se posent \u00e0 moi ! Mais, o\u00f9 suis-je ? Chez moi, ici et l\u00e0-bas ? Qu\u2019est-ce qui s\u00e9pare les populations habitant dans toutes ces r\u00e9gions ? Rien ! M\u00eame langage, m\u00eames habitudes culinaires, bien s\u00fbr, m\u00eames croyances&#8230; m\u00eames l\u00e9gendes h\u00e9rit\u00e9es de nos anc\u00eatres&#8230;un commerce ancestral forc\u00e9ment b\u00e9n\u00e9fique \u00e0 tous.<\/p>\n<p>Mes souvenirs sur \u00abl\u2019acte\u00bb historique \u00e0 Djerba se bousculent, oui, \u00e0 quelques m\u00e8tres du fauteuil o\u00f9 je suis install\u00e9 face \u00e0 la grande et merveilleuse bleue. Un \u00e9v\u00e9nement extraordinaire a eu lieu le 12 janvier 1974 &#8211; l\u2019acte de l\u2019union de nos deux contr\u00e9es sign\u00e9 par nos deux chefs d\u2019Etat.<\/p>\n<p>Permettez-moi de vous rappeler &#8211; \u00e0 tous ceux qui n\u2019ont pas v\u00e9cu cet \u00e9v\u00e9nement &#8211; que le pr\u00e9sident Bourguiba, qui m\u2019a fait l\u2019honneur de me recevoir tr\u00e8s souvent, jouissait de toutes ses facult\u00e9s intellectuelles et ne se laissait pas influencer \u00e0 cette p\u00e9riode de sa vie (70 ans).<\/p>\n<p>Je pense, avec le recul, et en me rappelant tous les commentaires qu\u2019il me faisait sur cette affaire, que Bourguiba n\u2019a pas \u00e9t\u00e9 pris au d\u00e9pourvu ce matin du 12 janvier, le rapprochement avec la Libye lui a toujours parcouru l\u2019esprit. Il me rappelait souvent que sa famille a pour origines Misrata et m\u2019a ordonn\u00e9 de changer le nom de la rue o\u00f9 est b\u00e2tie sa maison paternelle \u00e0 Monastir pour lui donner le nom de \u00abrue des Tripolitains\u00bb (<span class=\"c4\"><strong>\u062d\u064a \u0627\u0644\u0637\u0631\u0627\u0628\u0644\u0633\u064a\u0651\u0629<\/strong><\/span>). Faut-il aussi rappeler qu\u2019il a travers\u00e9 cette contr\u00e9e \u00e0 pied au moment o\u00f9 il fuyait la police fran\u00e7aise, a \u00e9t\u00e9 accueilli, prot\u00e9g\u00e9 et soutenu par les Libyens durant les ann\u00e9es 36?<\/p>\n<p>L\u2019Union du Maghreb est un r\u00eave de plusieurs g\u00e9n\u00e9rations. Je citerais &#8211; pour ceux qui ont fait leurs \u00e9tudes \u00e0 Paris &#8211; l\u2019Association des \u00e9tudiants musulmans nord-africains, cr\u00e9\u00e9e apr\u00e8s la premi\u00e8re guerre mondiale (Amena).<\/p>\n<p>Cette association a regroup\u00e9, dans son local du 115 Boulevard Saint-Michel, plusieurs g\u00e9n\u00e9rations d\u2019hommes et de femmes qui ont pris, plus tard, les destin\u00e9es des pays du Maghreb. J\u2019ai \u00e9t\u00e9, durant deux ans, membre du bureau et vice-pr\u00e9sident de cette association, et nos r\u00eaves, nos souhaits \u00e9taient d\u2019entamer l\u2019unit\u00e9 du Grand Maghreb d\u00e8s l\u2019av\u00e8nement de nos ind\u00e9pendances.<\/p>\n<p>Je reviens donc \u00e0 l\u2019\u00e9v\u00e9nement et dois rappeler la proposition de projet d\u2019union de la Tunisie et de l\u2019Alg\u00e9rie, avanc\u00e9e par Boumediene au Kef. Bourguiba n\u2019a pas dit non, mais a demand\u00e9 dans une premi\u00e8re \u00e9tape de rattacher le d\u00e9partement de Constantine \u00e0 la R\u00e9publique Tunisienne, se basant sur le fait que durant des si\u00e8cles, cette r\u00e9gion d\u00e9pendait des beys de Tunis. Bien entendu, Boumediene changea de sujet.<\/p>\n<p>En septembre 1973, lors de sa visite \u00e0 Tripoli, Bourguiba s\u2019est ouvert \u00e0 Kadhafi, d\u00e9\u00e7u par les positions \u00e9gyptiennes sur une proposition d\u2019union, et il lui a dit: \u00abNon, pas&#8230;avec des Levantins, vous devez regarder l\u2019Ouest et non l\u2019Est. Venez en Tunisie, ce serait plus s\u00e9rieux\u00bb.<\/p>\n<p>L\u2019invitation est lanc\u00e9e par Bourguiba, il sait ce qu\u2019il dit. A mon avis, il voulait, au fond de lui-m\u00eame, un rapprochement tr\u00e8s important avec la Libye, et pense que la Libye doit se d\u00e9tourner du Machrek pour s\u2019int\u00e9grer plus dans le Maghreb.<\/p>\n<p>Le bon grain est sem\u00e9 dans les t\u00eates des hommes, Kadhafi et Bourguiba. Je suis s\u00fbr que les deux hommes y pensaient, en pesaient et soupesaient les avantages et les difficult\u00e9s.<\/p>\n<p>Bourguiba, durant ses longues promenades en solitaire, r\u00e9fl\u00e9chit. Il d\u00e9voile rarement ses plans, ses strat\u00e9gies, lance un mot, une phrase&#8230; Ceux qui le connaissent bien sentent qu\u2019il est loin et qu\u2019il essaie de deviner ce que sera la Tunisie dans vingt ou trente ans, dans quel environnement le pays pourra avancer, se maintenir dans le peloton des pays \u00e9mergents, avec ses cadres universitaires, ses hommes de valeur&#8230;<\/p>\n<p>Lorsque Kadhafi demanda \u00e0 venir pour discuter avec Bourguiba, il proposa comme lieu de rencontre Zarzis ou M\u00e9denine (o\u00f9 il se sent dans son environnement). Bourguiba, apr\u00e8s r\u00e9flexion, accepta la rencontre, mais \u00e0 Djerba et \u00e0 l\u2019h\u00f4tel Ulysse qu\u2019il conna\u00eet bien.<\/p>\n<p>Je suis s\u00fbr que l\u2019histoire et le pass\u00e9 de l\u2019\u00eele ont brill\u00e9 dans ses yeux d\u2019un bleu m\u00e9diterran\u00e9en.<\/p>\n<p>Je suis s\u00fbr encore qu\u2019il pensait \u00e0 l\u2019union avec la Libye, en allant vers Djerba. \u00c0 titre de rappel, Bourguiba, Premier ministre du Bey au d\u00e9but de l\u2019ann\u00e9e 1957, s\u2019est rendu \u00e0 Dhibet (fronti\u00e8re libyenne) o\u00f9 il pronon\u00e7a les mots suivants : \u00abNous sommes une seule nation r\u00e9unie autour d\u2019un m\u00eame drapeau\u00bb.<\/p>\n<p>Je suis s\u00fbr encore qu\u2019il n\u2019en a parl\u00e9 \u00e0 personne de son entourage. Tahar Belkhodja, ministre de l\u2019Int\u00e9rieur \u00e0 l\u2019\u00e9poque, l\u2019affirme.<\/p>\n<p>La minute de v\u00e9rit\u00e9, de spontan\u00e9it\u00e9 &#8211; face \u00e0 face entre les deux hommes &#8211; \u00e9tait suffisante pour qu\u2019ils r\u00e9alisent leurs r\u00eaves (pas forc\u00e9ment les m\u00eames niveaux), r\u00eave pour leurs peuples, pour la g\u00e9ostrat\u00e9gie globale de la r\u00e9gion, r\u00eave enfin pour un d\u00e9but de r\u00e9alisation du Grand Maghreb.<\/p>\n<p><span class=\"c6\"><span class=\"c5\"><strong>L\u2019union avort\u00e9e<\/strong><\/span><\/span><\/p>\n<p>Le pr\u00e9sident Bourguiba \u00e9tait accompagn\u00e9 de Tahar Belkhodja, Mohamed Essayeh, Habib Chatti et Allala Laaouiti. Masmoudi et Hassen Belkhodja \u00e9taient arriv\u00e9s \u00e0 Djerba la veille du 12 janvier et se sont entretenus avec Kadhafi. L\u2019acte d\u2019union et la liste du futur gouvernement ont \u00e9t\u00e9 \u00e9crits ce soir-l\u00e0.<\/p>\n<p>\u00c0 leur retour de Djerba, au salon d\u2019honneur, Bourguiba a re\u00e7u deux coups de t\u00e9l\u00e9phone, l\u2019un de Hedi Nouira, le Premier ministre, qui \u00e9tait ce jour-l\u00e0 en Iran, et l\u2019autre de Wassila Bourguiba qui \u00e9tait \u00e0 Beyrouth.<\/p>\n<p>Le pr\u00e9sident alg\u00e9rien Houari Boumediene a tr\u00e8s mal accueilli ce projet.\u00a0 Lorsque Bourguiba lui a t\u00e9l\u00e9phon\u00e9, le lendemain, pour lui proposer de rejoindre les deux pays fr\u00e8res, il lui a r\u00e9pondu qu\u2019il \u00e9tait contre ce projet et qu\u2019il ne prenait pas le train en marche.<\/p>\n<p>Un nombre important de personnalit\u00e9s politiques s\u2019opposait \u00e0 une union compl\u00e8te avec la Libye tandis que d\u2019autres ont bien accueilli cette initiative et y ont vu un avenir meilleur pour leur pays et leurs enfants. Par ailleurs, l\u2019accord sign\u00e9 pr\u00e9voit un r\u00e9f\u00e9rendum des deux peuples pour son application dans un d\u00e9lai de quelques jours, pr\u00e9vu le 18 janvier.<\/p>\n<p>Or, la Constitution tunisienne de 1959 ne pr\u00e9voyait pas de r\u00e9f\u00e9rendum. Cette disposition pr\u00e9voit un d\u00e9lai de trois mois pour \u00eatre vot\u00e9e d\u00e9finitivement. Cette situation a constitu\u00e9 un motif valable pr\u00e9sent\u00e9 \u00e0 Kadhafi pour retarder l\u2019accord.<br \/>Apr\u00e8s plusieurs consultations, Bourguiba a pris la d\u00e9cision de remettre ce projet \u00e0 plus tard.<\/p>\n<p><span class=\"c5\"><span class=\"c6\"><strong>Aujourd\u2019hui, en ce d\u00e9but d\u2019ann\u00e9e 2021 que penser de cet acte d\u2019union?<\/strong><\/span><\/span><\/p>\n<p>On ne peut pas refaire l\u2019histoire, mais on peut r\u00eaver.<\/p>\n<p>La Libye a des richesses \u00e9normes, les plus importantes du bassin m\u00e9diterran\u00e9en, en p\u00e9trole et en gaz. Son peuple est en train de s\u2019entretuer pour le pouvoir. Mais je continue \u00e0 croire que les Libyens font le jeu de tr\u00e8s grandes puissances occidentales, de la Turquie, de la Russie et de leurs serviteurs.<\/p>\n<p>La Tunisie, de son c\u00f4t\u00e9, est au bord de la faillite. Ses quelques richesses sont gaspill\u00e9es et dilapid\u00e9es par un syst\u00e8me politique soi-disant d\u00e9mocratique, et fait le jeu d\u2019hommes politiques incapables, irresponsables et opportunistes, alors que sa population est form\u00e9e d\u2019hommes et de femmes qui comptent parmi les meilleurs \u00e0 l\u2019\u00e9chelle mondiale dans les domaines scientifique, m\u00e9dical, culturel et m\u00eame financier. Le syst\u00e8me politique actuel, issu d\u2019une r\u00e9volution \u00ab t\u00e9l\u00e9guid\u00e9e \u00bb de l\u2019\u00e9tranger, est inapplicable \u00e0 notre soci\u00e9t\u00e9 arabo-musulmane.<\/p>\n<p>Il suffit de faire la liste de tous les pays arabes, du Maghreb jusqu\u2019au Golfe, et de constater que les peuples n\u2019ont pas assimil\u00e9 la d\u00e9mocratie telle qu\u2019elle est appliqu\u00e9e en Europe et en Am\u00e9rique\u2026<\/p>\n<p>Les Tunisiens et les Libyens forment, depuis des si\u00e8cles, une m\u00eame population : la langue, la culture, les habitudes culinaires, le mode de vie, les traditions et les croyances sont les m\u00eames.\u00a0 Plusieurs villes tunisiennes ont des quartiers appel\u00e9s \u00ab<span class=\"c4\"><strong>\u062d\u064a \u0627\u0644\u0637\u0631\u0627\u0628\u0644\u0633\u064a\u0651\u0629<\/strong><\/span>\u00bb, \u00abquartier des Tripolitains\u00bb. J\u2019ai toujours pr\u00e9sent \u00e0 l\u2019esprit que la famille Bourguiba a pour origine Misrata, situ\u00e9e \u00e0 une centaine de kilom\u00e8tres \u00e0 l\u2019est de Tripoli.<\/p>\n<p>La d\u00e9cadence de notre r\u00e9gion, apr\u00e8s la perte de l\u2019Andalousie et la chute de la ville de Grenade, a eu pour r\u00e9sultat l\u2019invasion de notre pays par les r\u00e9gimes du nord de la M\u00e9diterran\u00e9e. Les derniers colonisateurs fran\u00e7ais, anglais et italiens ont impos\u00e9 des fronti\u00e8res artificielles \u00e0 nos pays. Celles-ci ne sont, \u00e0 ce jour, toujours pas accept\u00e9es par les habitants des r\u00e9gions frontali\u00e8res du sud tunisien et de l\u2019est libyen.<\/p>\n<p>Pour \u00eatre fid\u00e8le \u00e0 l\u2019\u00e9tat d\u2019esprit du leader Habib Bourguiba, je compl\u00e8te ce texte pour les historiens et pour nos enfants. Je r\u00e9p\u00e8te mot \u00e0 mot ce que m\u2019a dit le Pr\u00e9sident lors d\u2019une promenade dans le parc du Palais de Skan\u00e8s \u00e0 Monastir un an apr\u00e8s :<\/p>\n<p><em>\u00abC\u2019est dommage, cette union n\u2019a pas \u00e9t\u00e9 comprise, refus\u00e9e par certains militants. Si H\u00e9di n\u2019a vu dans cette op\u00e9ration que la nomination de Kadhafi comme vice-pr\u00e9sident de la Tunisie, cela est d\u00fb au fait qu\u2019il ne l\u2019appr\u00e9cie pas.\u00bb<\/em><\/p>\n<p>Apr\u00e8s quelques minutes de silence, Bourguiba ajouta :<\/p>\n<p><em>\u00abKadhafi n\u2019est pas \u00e9ternel et il va dispara\u00eetre un jour ou l\u2019autre\u2026 Mais nos peuples seront toujours dans cette partie de l\u2019Afrique du Nord\u2026\u00bb<\/em><\/p>\n<p>J\u2019ai senti dans ces paroles beaucoup de regret et d\u2019amertume.<\/p>\n<p>Le r\u00eave de Bourguiba, et de beaucoup d\u2019autres Tunisiens, d\u2019unifier nos deux pays se concr\u00e9tisera un jour. Incha Allah.<\/p>\n<p class=\"c7\"><strong>Slah Ferchiou<\/strong><\/p>\n<p>Auteur:<br \/>\n<a href=\"https:\/\/www.leaders.com.tn\/article\/31243-tunisie-libye-le-reve-de-l-accord-de-djerba\">Cliquez ici pour lire l&rsquo;article depuis sa source.<\/a><\/p>\n","protected":false},"excerpt":{"rendered":"<p>Par Slah Ferchiou &#8211; Le hasard voudra que Slah Ferchiou, proche de Bourguiba, assureur de profession avant de fonder un groupe alimentaire de r\u00e9f\u00e9rence dans les viandes, se retrouve, il y a dix ans, d\u00e9but janvier 2011 \u00e0 Djerba, en vacances \u00e0 l\u2019h\u00f4tel Ulysse Palace. Le lieu est charg\u00e9 d\u2019histoire. N\u2019a-t-il pas v\u00e9cu la rencontre [&hellip;]<\/p>\n","protected":false},"author":1772,"featured_media":0,"comment_status":"closed","ping_status":"closed","sticky":false,"template":"","format":"standard","meta":{"fifu_image_url":"\/uploads\/FCK_files\/Salah-Ferchiou-moy.jpg","fifu_image_alt":"Tunisie - Libye: Le r\u00eave de l\u2019accord de Djerba","footnotes":""},"categories":[73,55],"tags":[],"class_list":["post-109145","post","type-post","status-publish","format-standard","hentry","category-actualite","category-tunisie"],"_links":{"self":[{"href":"https:\/\/linitiative.ca\/International\/wp-json\/wp\/v2\/posts\/109145","targetHints":{"allow":["GET"]}}],"collection":[{"href":"https:\/\/linitiative.ca\/International\/wp-json\/wp\/v2\/posts"}],"about":[{"href":"https:\/\/linitiative.ca\/International\/wp-json\/wp\/v2\/types\/post"}],"author":[{"embeddable":true,"href":"https:\/\/linitiative.ca\/International\/wp-json\/wp\/v2\/users\/1772"}],"replies":[{"embeddable":true,"href":"https:\/\/linitiative.ca\/International\/wp-json\/wp\/v2\/comments?post=109145"}],"version-history":[{"count":0,"href":"https:\/\/linitiative.ca\/International\/wp-json\/wp\/v2\/posts\/109145\/revisions"}],"wp:attachment":[{"href":"https:\/\/linitiative.ca\/International\/wp-json\/wp\/v2\/media?parent=109145"}],"wp:term":[{"taxonomy":"category","embeddable":true,"href":"https:\/\/linitiative.ca\/International\/wp-json\/wp\/v2\/categories?post=109145"},{"taxonomy":"post_tag","embeddable":true,"href":"https:\/\/linitiative.ca\/International\/wp-json\/wp\/v2\/tags?post=109145"}],"curies":[{"name":"wp","href":"https:\/\/api.w.org\/{rel}","templated":true}]}}