{"id":109147,"date":"2021-01-12T14:09:00","date_gmt":"2021-01-12T19:09:00","guid":{"rendered":"https:\/\/linitiative.ca\/International\/urgent-la-tunisie-decrete-un-confinement-sanitaire-total-de-4-jours\/"},"modified":"2021-01-12T14:09:00","modified_gmt":"2021-01-12T19:09:00","slug":"urgent-la-tunisie-decrete-un-confinement-sanitaire-total-de-4-jours","status":"publish","type":"post","link":"https:\/\/linitiative.ca\/International\/urgent-la-tunisie-decrete-un-confinement-sanitaire-total-de-4-jours\/","title":{"rendered":"Urgent :  la Tunisie d\u00e9cr\u00e9te  un confinement sanitaire total de 4 jours"},"content":{"rendered":"<p>Face \u00e0 la d\u00e9gradation de la situation sanitaire, la Tunisie vient de d\u00e9cr\u00e9ter un confinement sanitaire int\u00e9gral du jeudi 14 janvier au dimanche 17 janvier et la suspension des cours dans les \u00e9coles primaires, les coll\u00e8ges, les lyc\u00e9es, les centres de formation et les universit\u00e9s \u00e0 compter du 17 au 23 janvier. Un couvre-feu sera \u00e9galement instaur\u00e9 de16 heures \u00e0 6 heures. La dur\u00e9e initiale du confinement pourrait \u00eatre prorog\u00e9e.<\/p>\n<p>Auteur:<br \/>\n<a href=\"https:\/\/www.leaders.com.tn\/article\/31245-urgent-le-gouvernement-decide-d-appliquer-un-confinement-sanitaire-de-4-jours\">Cliquez ici pour lire l&rsquo;article depuis sa source.<\/a><\/p>\n","protected":false},"excerpt":{"rendered":"<p>Face \u00e0 la d\u00e9gradation de la situation sanitaire, la Tunisie vient de d\u00e9cr\u00e9ter un confinement sanitaire int\u00e9gral du jeudi 14 janvier au dimanche 17 janvier et la suspension des cours dans les \u00e9coles primaires, les coll\u00e8ges, les lyc\u00e9es, les centres de formation et les universit\u00e9s \u00e0 compter du 17 au 23 janvier. Un couvre-feu sera [&hellip;]<\/p>\n","protected":false},"author":1772,"featured_media":0,"comment_status":"closed","ping_status":"closed","sticky":false,"template":"","format":"standard","meta":{"fifu_image_url":"","fifu_image_alt":"","footnotes":""},"categories":[73,55],"tags":[],"class_list":["post-109147","post","type-post","status-publish","format-standard","hentry","category-actualite","category-tunisie"],"_links":{"self":[{"href":"https:\/\/linitiative.ca\/International\/wp-json\/wp\/v2\/posts\/109147","targetHints":{"allow":["GET"]}}],"collection":[{"href":"https:\/\/linitiative.ca\/International\/wp-json\/wp\/v2\/posts"}],"about":[{"href":"https:\/\/linitiative.ca\/International\/wp-json\/wp\/v2\/types\/post"}],"author":[{"embeddable":true,"href":"https:\/\/linitiative.ca\/International\/wp-json\/wp\/v2\/users\/1772"}],"replies":[{"embeddable":true,"href":"https:\/\/linitiative.ca\/International\/wp-json\/wp\/v2\/comments?post=109147"}],"version-history":[{"count":0,"href":"https:\/\/linitiative.ca\/International\/wp-json\/wp\/v2\/posts\/109147\/revisions"}],"wp:attachment":[{"href":"https:\/\/linitiative.ca\/International\/wp-json\/wp\/v2\/media?parent=109147"}],"wp:term":[{"taxonomy":"category","embeddable":true,"href":"https:\/\/linitiative.ca\/International\/wp-json\/wp\/v2\/categories?post=109147"},{"taxonomy":"post_tag","embeddable":true,"href":"https:\/\/linitiative.ca\/International\/wp-json\/wp\/v2\/tags?post=109147"}],"curies":[{"name":"wp","href":"https:\/\/api.w.org\/{rel}","templated":true}]}}